{"id":9166,"date":"2019-09-10T10:35:34","date_gmt":"2019-09-10T10:35:34","guid":{"rendered":"http:\/\/bibliotekamoscisko.pl\/?p=9166"},"modified":"2019-09-16T13:56:19","modified_gmt":"2019-09-16T13:56:19","slug":"9166-2","status":"publish","type":"post","link":"https:\/\/bibliotekamoscisko.pl\/?p=9166","title":{"rendered":"Z ksi\u0105\u017ck\u0105 na start"},"content":{"rendered":"<p style=\"text-align: center;\"><strong>W ponad 5200 bibliotekach w Polsce\u00a0 s<\/strong><strong>tartuje projekt \u201eMa\u0142a ksi\u0105\u017cka \u2013 wielki cz\u0142owiek\u201d<br \/>\n<\/strong><\/p>\n<p>S\u0105 takie wydarzenia i rytua\u0142y w \u017cyciu dziecka, kt\u00f3re nie tylko pozostaj\u0105 na d\u0142ugo w pami\u0119ci, ale maj\u0105 te\u017c istotny wp\u0142yw na jego doros\u0142e \u017cycie. Badania wykazuj\u0105, \u017ce dzieci wychowywane po\u015br\u00f3d ksi\u0105\u017cek s\u0105 bardziej pewne siebie, maj\u0105 wi\u0119kszy ni\u017c r\u00f3wie\u015bnicy zas\u00f3b s\u0142ownictwa i dobrze rozwini\u0119t\u0105 wyobra\u017ani\u0119. Po\u017cytki z czytania maj\u0105 tak\u017ce konkretny wymiar materialny: czytaj\u0105ce dzieci osi\u0105gaj\u0105 sukcesy i zarabiaj\u0105 wi\u0119cej od tych, kt\u00f3re nie czytaj\u0105. Wa\u017cn\u0105 rol\u0119 w kszta\u0142towaniu Ma\u0142ego <a href=\"http:\/\/bibliotekamoscisko.pl\/wp-content\/uploads\/2019\/09\/IMG_5575-e1568111206304.jpg\"><img fetchpriority=\"high\" decoding=\"async\" class=\"alignright size-medium wp-image-9168\" src=\"http:\/\/bibliotekamoscisko.pl\/wp-content\/uploads\/2019\/09\/IMG_5575-e1568111206304-300x224.jpg\" alt=\"\" width=\"300\" height=\"224\" srcset=\"https:\/\/bibliotekamoscisko.pl\/wp-content\/uploads\/2019\/09\/IMG_5575-e1568111206304-300x224.jpg 300w, https:\/\/bibliotekamoscisko.pl\/wp-content\/uploads\/2019\/09\/IMG_5575-e1568111206304-768x574.jpg 768w, https:\/\/bibliotekamoscisko.pl\/wp-content\/uploads\/2019\/09\/IMG_5575-e1568111206304-1024x765.jpg 1024w, https:\/\/bibliotekamoscisko.pl\/wp-content\/uploads\/2019\/09\/IMG_5575-e1568111206304-1x1.jpg 1w, https:\/\/bibliotekamoscisko.pl\/wp-content\/uploads\/2019\/09\/IMG_5575-e1568111206304.jpg 1296w\" sizes=\"(max-width: 300px) 100vw, 300px\" \/><\/a>Czytelnika odgrywa biblioteka: uczy go samodzielno\u015bci, podejmowania pierwszych w\u0142asnych wybor\u00f3w, rozwija my\u015blenie oraz nawyk czytania i pog\u0142\u0119biania wiedzy.<\/p>\n<p style=\"text-align: center;\"><strong>Biblioteka to miejsce, gdzie rodzic wsp\u00f3lnie z dzieckiem mo\u017ce sp\u0119dzi\u0107 czas w spos\u00f3b tw\u00f3rczy oraz prze\u017cy\u0107 now\u0105, fantastyczn\u0105 przygod\u0119 z wypo\u017cyczon\u0105 ksi\u0105\u017ck\u0105. A wszystko to za darmo!<\/strong><\/p>\n<p>Chcieliby\u015bmy, aby jednym z tych wa\u017cnych do\u015bwiadcze\u0144 w dzieci\u0144stwie by\u0142y pierwsze wizyty w bibliotece, dlatego przygotowali\u015bmy prawdziw\u0105 gratk\u0119 dla najm\u0142odszych mi\u0142o\u015bnik\u00f3w ksi\u0105\u017cek i ich rodzic\u00f3w w ramach og\u00f3lnopolskiej kampanii <strong>\u201eMa\u0142a ksi\u0105\u017cka \u2013 wielki cz\u0142owiek\u201d<\/strong>. Od wrze\u015bnia 2019 r.\u00a0 w Bibliotece Publicznej Gminy Dzier\u017coni\u00f3w im. W\u0142adys\u0142awa Reymonta b\u0119dzie czeka\u0107 na nich wyj\u0105tkowy prezent \u2013 <strong>Wyprawka Czytelnicza<\/strong> na dobry czytelniczy start. Pakiety znale\u017a\u0107 b\u0119dzie mo\u017cna w ka\u017cdej filii. W wyprawce dzieci znajd\u0105 ksi\u0105\u017ck\u0119, dostosowan\u0105 pod wzgl\u0119dem formy i tre\u015bci do potrzeb przedszkolaka i spe\u0142niaj\u0105c\u0105 najwy\u017csze standardy w projektowaniu pi\u0119knych i m\u0105drych ksi\u0105\u017cek dla najm\u0142odszych, a tak\u017ce Kart\u0119 Ma\u0142ego Czytelnika. Za ka\u017cd\u0105 wizyt\u0119 w bibliotece, zako\u0144czon\u0105 wypo\u017cyczeniem minimum jednej ksi\u0105\u017cki z ksi\u0119gozbioru dzieci\u0119cego, Ma\u0142y Czytelnik otrzyma naklejk\u0119, a po zebraniu dziesi\u0119ciu zostanie uhonorowany imiennym dyplomem potwierdzaj\u0105cym jego czytelnicze zainteresowania. Dla pierwszych ma\u0142ych czytelnik\u00f3w czeka\u0107 b\u0119dzie tak\u017ce przypinka z logo akcji.<\/p>\n<p>W Wyprawce znajd\u0105 co\u015b dla siebie tak\u017ce rodzice. Przygotowana dla nich broszura informacyjna przypomni o nieocenionej roli czytania w rozwoju ich dziecka oraz o rozmaitych korzy\u015bciach wynikaj\u0105cych z cz\u0119stego odwiedzania biblioteki.<\/p>\n<p style=\"text-align: center;\"><strong>Udzia\u0142 w projekcie jest ca\u0142kowicie bezp\u0142atny<\/strong>.<\/p>\n<p><a href=\"http:\/\/bibliotekamoscisko.pl\/wp-content\/uploads\/2019\/09\/PLAKAT-2019.jpg\"><img decoding=\"async\" class=\"aligncenter size-large wp-image-9167\" src=\"http:\/\/bibliotekamoscisko.pl\/wp-content\/uploads\/2019\/09\/PLAKAT-2019-731x1024.jpg\" alt=\"\" width=\"654\" height=\"916\" srcset=\"https:\/\/bibliotekamoscisko.pl\/wp-content\/uploads\/2019\/09\/PLAKAT-2019-731x1024.jpg 731w, https:\/\/bibliotekamoscisko.pl\/wp-content\/uploads\/2019\/09\/PLAKAT-2019-214x300.jpg 214w, https:\/\/bibliotekamoscisko.pl\/wp-content\/uploads\/2019\/09\/PLAKAT-2019-768x1075.jpg 768w\" sizes=\"(max-width: 654px) 100vw, 654px\" \/><\/a><a href=\"http:\/\/bibliotekamoscisko.pl\/wp-content\/uploads\/2019\/09\/rodzice2.jpg\"><img decoding=\"async\" class=\"alignleft wp-image-9170 \" src=\"http:\/\/bibliotekamoscisko.pl\/wp-content\/uploads\/2019\/09\/rodzice2.jpg\" alt=\"\" width=\"352\" height=\"497\" srcset=\"https:\/\/bibliotekamoscisko.pl\/wp-content\/uploads\/2019\/09\/rodzice2.jpg 520w, https:\/\/bibliotekamoscisko.pl\/wp-content\/uploads\/2019\/09\/rodzice2-213x300.jpg 213w, https:\/\/bibliotekamoscisko.pl\/wp-content\/uploads\/2019\/09\/rodzice2-1x1.jpg 1w\" sizes=\"(max-width: 352px) 100vw, 352px\" \/><\/a><a href=\"http:\/\/bibliotekamoscisko.pl\/wp-content\/uploads\/2019\/09\/rodzice1.jpg\"><img loading=\"lazy\" decoding=\"async\" class=\"size-full wp-image-9169 alignright\" src=\"http:\/\/bibliotekamoscisko.pl\/wp-content\/uploads\/2019\/09\/rodzice1.jpg\" alt=\"\" width=\"524\" height=\"734\" srcset=\"https:\/\/bibliotekamoscisko.pl\/wp-content\/uploads\/2019\/09\/rodzice1.jpg 524w, https:\/\/bibliotekamoscisko.pl\/wp-content\/uploads\/2019\/09\/rodzice1-214x300.jpg 214w, https:\/\/bibliotekamoscisko.pl\/wp-content\/uploads\/2019\/09\/rodzice1-1x1.jpg 1w\" sizes=\"(max-width: 524px) 100vw, 524px\" \/><\/a><\/p>\n","protected":false},"excerpt":{"rendered":"<p>W ponad 5200 bibliotekach w Polsce\u00a0 startuje projekt \u201eMa\u0142a ksi\u0105\u017cka \u2013 wielki cz\u0142owiek\u201d S\u0105 takie wydarzenia i rytua\u0142y w \u017cyciu dziecka, kt\u00f3re nie tylko pozostaj\u0105 na d\u0142ugo w pami\u0119ci, ale [&hellip;]<\/p>\n","protected":false},"author":1,"featured_media":0,"comment_status":"closed","ping_status":"open","sticky":false,"template":"","format":"standard","meta":{"ngg_post_thumbnail":0,"footnotes":""},"categories":[1],"tags":[],"class_list":["post-9166","post","type-post","status-publish","format-standard","hentry","category-uncategorized"],"_links":{"self":[{"href":"https:\/\/bibliotekamoscisko.pl\/index.php?rest_route=\/wp\/v2\/posts\/9166","targetHints":{"allow":["GET"]}}],"collection":[{"href":"https:\/\/bibliotekamoscisko.pl\/index.php?rest_route=\/wp\/v2\/posts"}],"about":[{"href":"https:\/\/bibliotekamoscisko.pl\/index.php?rest_route=\/wp\/v2\/types\/post"}],"author":[{"embeddable":true,"href":"https:\/\/bibliotekamoscisko.pl\/index.php?rest_route=\/wp\/v2\/users\/1"}],"replies":[{"embeddable":true,"href":"https:\/\/bibliotekamoscisko.pl\/index.php?rest_route=%2Fwp%2Fv2%2Fcomments&post=9166"}],"version-history":[{"count":5,"href":"https:\/\/bibliotekamoscisko.pl\/index.php?rest_route=\/wp\/v2\/posts\/9166\/revisions"}],"predecessor-version":[{"id":9230,"href":"https:\/\/bibliotekamoscisko.pl\/index.php?rest_route=\/wp\/v2\/posts\/9166\/revisions\/9230"}],"wp:attachment":[{"href":"https:\/\/bibliotekamoscisko.pl\/index.php?rest_route=%2Fwp%2Fv2%2Fmedia&parent=9166"}],"wp:term":[{"taxonomy":"category","embeddable":true,"href":"https:\/\/bibliotekamoscisko.pl\/index.php?rest_route=%2Fwp%2Fv2%2Fcategories&post=9166"},{"taxonomy":"post_tag","embeddable":true,"href":"https:\/\/bibliotekamoscisko.pl\/index.php?rest_route=%2Fwp%2Fv2%2Ftags&post=9166"}],"curies":[{"name":"wp","href":"https:\/\/api.w.org\/{rel}","templated":true}]}}