{"id":9221,"date":"2019-09-16T10:49:53","date_gmt":"2019-09-16T10:49:53","guid":{"rendered":"http:\/\/bibliotekamoscisko.pl\/?p=9221"},"modified":"2019-09-16T10:50:30","modified_gmt":"2019-09-16T10:50:30","slug":"o-finansach-w-bibliotece","status":"publish","type":"post","link":"https:\/\/bibliotekamoscisko.pl\/?p=9221","title":{"rendered":"O finansach\u2026 w bibliotece"},"content":{"rendered":"<h2>Spotkania edukacyjne oraz kurs internetowy dla mieszka\u0144c\u00f3w dotycz\u0105cy finans\u00f3w osobistych<\/h2>\n<p><a href=\"http:\/\/bibliotekamoscisko.pl\/wp-content\/uploads\/2019\/09\/o-finansach-01.png\"><img fetchpriority=\"high\" decoding=\"async\" class=\"aligncenter wp-image-9222 size-full\" src=\"http:\/\/bibliotekamoscisko.pl\/wp-content\/uploads\/2019\/09\/o-finansach-01.png\" alt=\"\" width=\"960\" height=\"260\" srcset=\"https:\/\/bibliotekamoscisko.pl\/wp-content\/uploads\/2019\/09\/o-finansach-01.png 960w, https:\/\/bibliotekamoscisko.pl\/wp-content\/uploads\/2019\/09\/o-finansach-01-300x81.png 300w, https:\/\/bibliotekamoscisko.pl\/wp-content\/uploads\/2019\/09\/o-finansach-01-768x208.png 768w, https:\/\/bibliotekamoscisko.pl\/wp-content\/uploads\/2019\/09\/o-finansach-01-4x1.png 4w\" sizes=\"(max-width: 960px) 100vw, 960px\" \/><\/a><\/p>\n<p><strong>\u201eO finansach\u2026 w bibliotece\u201d to projekt Fundacji Rozwoju Spo\u0142ecze\u0144stwa Informacyjnego umo\u017cliwiaj\u0105cy doros\u0142ym u\u017cytkownikom bibliotek z ca\u0142ej Polski skorzystanie z nowej oferty, jak\u0105 jest edukacja z zakresu finans\u00f3w osobistych.\u00a0Projekt jest realizowany z Narodowym Bankiem Polskim w ramach programu edukacji ekonomicznej.<\/strong><\/p>\n<p>W 6. edycji projektu we\u017amie udzia\u0142 <strong>100 plac\u00f3wek bibliotecznych z gmin wiejskich, miejsko-wiejskich i miast do 200 tys. mieszka\u0144c\u00f3w z ca\u0142ej Polski. <\/strong>Spotkania edukacyjne w bibliotekach przypadn\u0105 na okres od czerwca do ko\u0144ca listopada 2019 roku.<\/p>\n<p>Kolejny raz do projektu zg\u0142osi\u0142a si\u0119 Biblioteka Publiczna Gminy Dzier\u017coni\u00f3w im. W\u0142adys\u0142awa Reymonta. Tym razem zapraszamy ch\u0119tnych z Uciechowa. Pierwsze spotkanie organizacyjne odb\u0119dzie si\u0119 1 pa\u017adziernika o godz. 17.00.<\/p>\n<p>Og\u00f3\u0142em w ramach pi\u0119ciu poprzednich edycji projektu zrealizowanych <strong>w latach 2012-2018<\/strong> swoje kompetencje finansowe zwi\u0119kszy\u0142o ponad<strong> 10 000 os\u00f3b<\/strong> w wieku 50+. Spotkania by\u0142y realizowane w <strong>534 plac\u00f3wkach na terenie ca\u0142ej Polski<\/strong>.<\/p>\n","protected":false},"excerpt":{"rendered":"<p>Spotkania edukacyjne oraz kurs internetowy dla mieszka\u0144c\u00f3w dotycz\u0105cy finans\u00f3w osobistych \u201eO finansach\u2026 w bibliotece\u201d to projekt Fundacji Rozwoju Spo\u0142ecze\u0144stwa Informacyjnego umo\u017cliwiaj\u0105cy doros\u0142ym u\u017cytkownikom bibliotek z ca\u0142ej Polski skorzystanie z nowej [&hellip;]<\/p>\n","protected":false},"author":1,"featured_media":0,"comment_status":"closed","ping_status":"open","sticky":false,"template":"","format":"standard","meta":{"ngg_post_thumbnail":0,"footnotes":""},"categories":[1],"tags":[],"class_list":["post-9221","post","type-post","status-publish","format-standard","hentry","category-uncategorized"],"_links":{"self":[{"href":"https:\/\/bibliotekamoscisko.pl\/index.php?rest_route=\/wp\/v2\/posts\/9221","targetHints":{"allow":["GET"]}}],"collection":[{"href":"https:\/\/bibliotekamoscisko.pl\/index.php?rest_route=\/wp\/v2\/posts"}],"about":[{"href":"https:\/\/bibliotekamoscisko.pl\/index.php?rest_route=\/wp\/v2\/types\/post"}],"author":[{"embeddable":true,"href":"https:\/\/bibliotekamoscisko.pl\/index.php?rest_route=\/wp\/v2\/users\/1"}],"replies":[{"embeddable":true,"href":"https:\/\/bibliotekamoscisko.pl\/index.php?rest_route=%2Fwp%2Fv2%2Fcomments&post=9221"}],"version-history":[{"count":2,"href":"https:\/\/bibliotekamoscisko.pl\/index.php?rest_route=\/wp\/v2\/posts\/9221\/revisions"}],"predecessor-version":[{"id":9224,"href":"https:\/\/bibliotekamoscisko.pl\/index.php?rest_route=\/wp\/v2\/posts\/9221\/revisions\/9224"}],"wp:attachment":[{"href":"https:\/\/bibliotekamoscisko.pl\/index.php?rest_route=%2Fwp%2Fv2%2Fmedia&parent=9221"}],"wp:term":[{"taxonomy":"category","embeddable":true,"href":"https:\/\/bibliotekamoscisko.pl\/index.php?rest_route=%2Fwp%2Fv2%2Fcategories&post=9221"},{"taxonomy":"post_tag","embeddable":true,"href":"https:\/\/bibliotekamoscisko.pl\/index.php?rest_route=%2Fwp%2Fv2%2Ftags&post=9221"}],"curies":[{"name":"wp","href":"https:\/\/api.w.org\/{rel}","templated":true}]}}