{"id":923,"date":"2014-10-14T07:35:26","date_gmt":"2014-10-14T07:35:26","guid":{"rendered":"http:\/\/bibliotekamoscisko.pl\/?p=923"},"modified":"2014-10-14T08:10:06","modified_gmt":"2014-10-14T08:10:06","slug":"ranking-bibliotek","status":"publish","type":"post","link":"https:\/\/bibliotekamoscisko.pl\/?p=923","title":{"rendered":"Ranking Bibliotek"},"content":{"rendered":"<p><strong>\u00a0<\/strong>Podczas gali w Pa\u0142acu Rzeczypospolitej w Warszawie og\u0142oszone zosta\u0142y wyniki tegorocznego Rankingu Bibliotek.<\/p>\n<p>7 pa\u017adziernika\u00a0z r\u0105k Jacka Olbrychta, Dyrektora Generalnego Ministerstwa Kultury i Dziedzictwa Narodowego oraz organizator\u00f3w Rankingu &#8211; Grzegorza Gaudena, dyrektora Instytutu Ksi\u0105\u017cki i Paw\u0142a Jab\u0142o\u0144skiego, zast\u0119pcy redaktora naczelnego dziennika \u201eRzeczpospolita\u201d samorz\u0105dowcy oraz dyrektorzy otrzymali dyplomy i gratulacje.\u00a0W Rankingu zwyci\u0119\u017cy\u0142a Biblioteka Publiczna Miasta i Gminy Barcin.\u00a0Na miejscu drugim znalaz\u0142a si\u0119 Miejska Biblioteka Publiczna im. W\u0142adys\u0142awa Broniewskiego w Lubaczowie\u00a0a na miejscu trzecim\u00a0Miejska Biblioteka Publiczna Polanicy Zdroju. Gratulujemy!<\/p>\n<p><strong><span style=\"text-decoration: underline;\">Nasza biblioteka znalaz\u0142a si\u0119 na 54. miejscu &#8211; to pi\u0105te miejsce w wojew\u00f3dztwie dolno\u015bl\u0105skim.\u00a0<\/span><\/strong><\/p>\n<p><a title=\"Ranking\" href=\"http:\/\/www.instytutksiazki.pl\/w-instytucie,o-nas,31890,znamy-wyniki-rankingu-bibliotek-2014.html\" target=\"_blank\">Ranking<\/a><\/p>\n<p><a href=\"http:\/\/bibliotekamoscisko.pl\/wp-content\/uploads\/2014\/10\/Ranking-Bibliotek-2014-tabelka.xlsx\">Ranking Bibliotek 2014 tabelka<\/a><\/p>\n","protected":false},"excerpt":{"rendered":"<p>\u00a0Podczas gali w Pa\u0142acu Rzeczypospolitej w Warszawie og\u0142oszone zosta\u0142y wyniki tegorocznego Rankingu Bibliotek. 7 pa\u017adziernika\u00a0z r\u0105k Jacka Olbrychta, Dyrektora Generalnego Ministerstwa Kultury i Dziedzictwa Narodowego oraz organizator\u00f3w Rankingu &#8211; Grzegorza [&hellip;]<\/p>\n","protected":false},"author":1,"featured_media":630,"comment_status":"closed","ping_status":"open","sticky":false,"template":"","format":"standard","meta":{"ngg_post_thumbnail":0,"footnotes":""},"categories":[1],"tags":[],"class_list":["post-923","post","type-post","status-publish","format-standard","has-post-thumbnail","hentry","category-uncategorized"],"_links":{"self":[{"href":"https:\/\/bibliotekamoscisko.pl\/index.php?rest_route=\/wp\/v2\/posts\/923","targetHints":{"allow":["GET"]}}],"collection":[{"href":"https:\/\/bibliotekamoscisko.pl\/index.php?rest_route=\/wp\/v2\/posts"}],"about":[{"href":"https:\/\/bibliotekamoscisko.pl\/index.php?rest_route=\/wp\/v2\/types\/post"}],"author":[{"embeddable":true,"href":"https:\/\/bibliotekamoscisko.pl\/index.php?rest_route=\/wp\/v2\/users\/1"}],"replies":[{"embeddable":true,"href":"https:\/\/bibliotekamoscisko.pl\/index.php?rest_route=%2Fwp%2Fv2%2Fcomments&post=923"}],"version-history":[{"count":2,"href":"https:\/\/bibliotekamoscisko.pl\/index.php?rest_route=\/wp\/v2\/posts\/923\/revisions"}],"predecessor-version":[{"id":926,"href":"https:\/\/bibliotekamoscisko.pl\/index.php?rest_route=\/wp\/v2\/posts\/923\/revisions\/926"}],"wp:featuredmedia":[{"embeddable":true,"href":"https:\/\/bibliotekamoscisko.pl\/index.php?rest_route=\/wp\/v2\/media\/630"}],"wp:attachment":[{"href":"https:\/\/bibliotekamoscisko.pl\/index.php?rest_route=%2Fwp%2Fv2%2Fmedia&parent=923"}],"wp:term":[{"taxonomy":"category","embeddable":true,"href":"https:\/\/bibliotekamoscisko.pl\/index.php?rest_route=%2Fwp%2Fv2%2Fcategories&post=923"},{"taxonomy":"post_tag","embeddable":true,"href":"https:\/\/bibliotekamoscisko.pl\/index.php?rest_route=%2Fwp%2Fv2%2Ftags&post=923"}],"curies":[{"name":"wp","href":"https:\/\/api.w.org\/{rel}","templated":true}]}}