{"id":9232,"date":"2019-09-17T09:45:18","date_gmt":"2019-09-17T09:45:18","guid":{"rendered":"http:\/\/bibliotekamoscisko.pl\/?p=9232"},"modified":"2019-09-17T09:48:16","modified_gmt":"2019-09-17T09:48:16","slug":"czarny-kot-biala-kotka-roznice-ktore-lacza","status":"publish","type":"post","link":"https:\/\/bibliotekamoscisko.pl\/?p=9232","title":{"rendered":"\u201eCzarny Kot, Bia\u0142a Kotka\u201d \u2013 r\u00f3\u017cnice, kt\u00f3re \u0142\u0105cz\u0105"},"content":{"rendered":"<p><strong><a href=\"http:\/\/bibliotekamoscisko.pl\/wp-content\/uploads\/2018\/04\/logo-male.jpg\"><img decoding=\"async\" class=\"alignright size-full wp-image-6553\" src=\"http:\/\/bibliotekamoscisko.pl\/wp-content\/uploads\/2018\/04\/logo-male.jpg\" alt=\"\" width=\"202\" height=\"194\" srcset=\"https:\/\/bibliotekamoscisko.pl\/wp-content\/uploads\/2018\/04\/logo-male.jpg 202w, https:\/\/bibliotekamoscisko.pl\/wp-content\/uploads\/2018\/04\/logo-male-1x1.jpg 1w\" sizes=\"(max-width: 202px) 100vw, 202px\" \/><\/a><\/strong><\/p>\n<p>Czarna noc, bia\u0142y dzie\u0144, ale wok\u00f3\u0142 nich tyle odcieni. Czy \u015bwiat rzeczywi\u015bcie jest czarno-bia\u0142y, jak s\u0105dz\u0105 pocz\u0105tkowo bohaterzy ksi\u0105\u017cki Silvii Borando? Przedszkolaki z uciechowskiego przedszkola same mog\u0142y znale\u017a\u0107 odpowied\u017a na to pytanie i wyruszy\u0107 z ksi\u0105\u017ckowymi kotami na w\u0119dr\u00f3wk\u0119 po nocnych \u015bcie\u017ckach i dziennych \u0142\u0105kach. Czarny Kot wychodzi z domu jedynie w dzie\u0144. Bia\u0142a Kotka ogl\u0105da \u015bwiat tylko podczas swoich nocnych w\u0119dr\u00f3wek. Ciekawo\u015b\u0107 sprawia jednak, \u017ce Kotka wyrusza na spotkanie dnia a Kot nocy. Przypadkowe spotkanie by\u0142o jedynie kwesti\u0105 czasu. Podczas wsp\u00f3lnych spacer\u00f3w pokazuj\u0105 sobie nawzajem \u015bwiaty, w kt\u00f3rych przysz\u0142o im \u017cy\u0107. \u015awietliki, muchy, stokrotki i nietoperze. Na ka\u017cdym kroku czekaj\u0105 niespodzianki. Przedszkolaki doskonale radzi\u0142y sobie z na\u015bladowaniem kocich rozm\u00f3w, zwijaniem si\u0119 w k\u0142\u0119bek i g\u0142o\u015bnym mruczeniem.<\/p>\n<p>Ksi\u0105\u017cka o r\u00f3\u017cnicach, kt\u00f3re \u0142\u0105cz\u0105 a\u00a0 nie dziel\u0105 to tak\u017ce opowie\u015b\u0107 o przeciwie\u0144stwach, kt\u00f3re si\u0119 uzupe\u0142niaj\u0105, tworz\u0105c ca\u0142o\u015b\u0107. To r\u00f3wnie\u017c idealna pozycja do rozm\u00f3w o r\u00f3\u017cnicach, stereotypach i warto\u015bciach, jakie niesie ze sob\u0105 nasze odmienne spojrzenie na \u015bwiat.\u00a0\u00a0\u00a0\u00a0\u00a0\u00a0\u00a0\u00a0\u00a0\u00a0\u00a0\u00a0\u00a0\u00a0\u00a0\u00a0\u00a0\u00a0\u00a0\u00a0\u00a0\u00a0\u00a0\u00a0\u00a0\u00a0\u00a0\u00a0\u00a0 \u00a0\u00a0\u00a0\u00a0 \u00a0 \u00a0 \u00a0 \u00a0 \u00a0 \u00a0 \u00a0 \u00a0 \u00a0 \u00a0 \u00a0 \u00a0 \u00a0 \u00a0 \u00a0 \u00a0 \u00a0 \u00a0 \u00a0 \u00a0 \u00a0 \u00a0 \u00a0 \u00a0 \u00a0 \u00a0 \u00a0 \u00a0 \u00a0 \u00a0 \u00a0 \u00a0 \u00a0 \u00a0 \u00a0 \u00a0 \u00a0\u00a0 \u00a0\u00a0\u00a0\u00a0\u00a0\u00a0\u00a0\u00a0\u00a0\u00a0\u00a0\u00a0\u00a0\u00a0\u00a0\u00a0\u00a0\u00a0\u00a0\u00a0\u00a0\u00a0\u00a0\u00a0\u00a0\u00a0\u00a0\u00a0\u00a0\u00a0\u00a0\u00a0\u00a0\u00a0\u00a0\u00a0\u00a0\u00a0 Spotkania obu kot\u00f3w zaowocowa\u0142y niespodziank\u0105. Jaki kolor mia\u0142y ma\u0142e kociaki? Zajrzyjcie do ksi\u0105\u017cki i przekonajcie si\u0119 sami!<\/p>\n<p><a href=\"http:\/\/bibliotekamoscisko.pl\/wp-content\/uploads\/2019\/09\/IMG_5613-e1568713363544.jpg\"><img fetchpriority=\"high\" decoding=\"async\" class=\"aligncenter wp-image-9233 size-large\" src=\"http:\/\/bibliotekamoscisko.pl\/wp-content\/uploads\/2019\/09\/IMG_5613-e1568713363544-765x1024.jpg\" alt=\"\" width=\"654\" height=\"875\" srcset=\"https:\/\/bibliotekamoscisko.pl\/wp-content\/uploads\/2019\/09\/IMG_5613-e1568713363544-765x1024.jpg 765w, https:\/\/bibliotekamoscisko.pl\/wp-content\/uploads\/2019\/09\/IMG_5613-e1568713363544-224x300.jpg 224w, https:\/\/bibliotekamoscisko.pl\/wp-content\/uploads\/2019\/09\/IMG_5613-e1568713363544-768x1028.jpg 768w, https:\/\/bibliotekamoscisko.pl\/wp-content\/uploads\/2019\/09\/IMG_5613-e1568713363544-1x1.jpg 1w, https:\/\/bibliotekamoscisko.pl\/wp-content\/uploads\/2019\/09\/IMG_5613-e1568713363544.jpg 968w\" sizes=\"(max-width: 654px) 100vw, 654px\" \/><\/a><\/p>\n<div id='gallery-1' class='gallery galleryid-9232 gallery-columns-3 gallery-size-thumbnail'><figure class='gallery-item'>\n\t\t\t<div class='gallery-icon landscape'>\n\t\t\t\t<a href='https:\/\/bibliotekamoscisko.pl\/?attachment_id=9234'><img decoding=\"async\" width=\"150\" height=\"150\" src=\"https:\/\/bibliotekamoscisko.pl\/wp-content\/uploads\/2019\/09\/IMG_5614-150x150.jpg\" class=\"attachment-thumbnail size-thumbnail\" alt=\"\" srcset=\"https:\/\/bibliotekamoscisko.pl\/wp-content\/uploads\/2019\/09\/IMG_5614-150x150.jpg 150w, https:\/\/bibliotekamoscisko.pl\/wp-content\/uploads\/2019\/09\/IMG_5614-1x1.jpg 1w\" sizes=\"(max-width: 150px) 100vw, 150px\" \/><\/a>\n\t\t\t<\/div><\/figure><figure class='gallery-item'>\n\t\t\t<div class='gallery-icon landscape'>\n\t\t\t\t<a href='https:\/\/bibliotekamoscisko.pl\/?attachment_id=9235'><img loading=\"lazy\" decoding=\"async\" width=\"150\" height=\"150\" src=\"https:\/\/bibliotekamoscisko.pl\/wp-content\/uploads\/2019\/09\/IMG_5616-150x150.jpg\" class=\"attachment-thumbnail size-thumbnail\" alt=\"\" srcset=\"https:\/\/bibliotekamoscisko.pl\/wp-content\/uploads\/2019\/09\/IMG_5616-150x150.jpg 150w, https:\/\/bibliotekamoscisko.pl\/wp-content\/uploads\/2019\/09\/IMG_5616-1x1.jpg 1w\" sizes=\"(max-width: 150px) 100vw, 150px\" \/><\/a>\n\t\t\t<\/div><\/figure><figure class='gallery-item'>\n\t\t\t<div class='gallery-icon landscape'>\n\t\t\t\t<a href='https:\/\/bibliotekamoscisko.pl\/?attachment_id=9236'><img loading=\"lazy\" decoding=\"async\" width=\"150\" height=\"150\" src=\"https:\/\/bibliotekamoscisko.pl\/wp-content\/uploads\/2019\/09\/IMG_5617-150x150.jpg\" class=\"attachment-thumbnail size-thumbnail\" alt=\"\" srcset=\"https:\/\/bibliotekamoscisko.pl\/wp-content\/uploads\/2019\/09\/IMG_5617-150x150.jpg 150w, https:\/\/bibliotekamoscisko.pl\/wp-content\/uploads\/2019\/09\/IMG_5617-1x1.jpg 1w\" sizes=\"(max-width: 150px) 100vw, 150px\" \/><\/a>\n\t\t\t<\/div><\/figure>\n\t\t<\/div>\n\n<p>D.W.<\/p>\n<p><a href=\"http:\/\/bibliotekamoscisko.pl\/wp-content\/uploads\/2014\/10\/dkk.jpg\"><img loading=\"lazy\" decoding=\"async\" class=\"aligncenter size-medium wp-image-886\" src=\"http:\/\/bibliotekamoscisko.pl\/wp-content\/uploads\/2014\/10\/dkk-300x91.jpg\" alt=\"\" width=\"300\" height=\"91\" srcset=\"https:\/\/bibliotekamoscisko.pl\/wp-content\/uploads\/2014\/10\/dkk-300x91.jpg 300w, https:\/\/bibliotekamoscisko.pl\/wp-content\/uploads\/2014\/10\/dkk.jpg 405w\" sizes=\"(max-width: 300px) 100vw, 300px\" \/><\/a><\/p>\n<p>&nbsp;<\/p>\n","protected":false},"excerpt":{"rendered":"<p>Czarna noc, bia\u0142y dzie\u0144, ale wok\u00f3\u0142 nich tyle odcieni. Czy \u015bwiat rzeczywi\u015bcie jest czarno-bia\u0142y, jak s\u0105dz\u0105 pocz\u0105tkowo bohaterzy ksi\u0105\u017cki Silvii Borando? Przedszkolaki z uciechowskiego przedszkola same mog\u0142y znale\u017a\u0107 odpowied\u017a na [&hellip;]<\/p>\n","protected":false},"author":1,"featured_media":0,"comment_status":"closed","ping_status":"open","sticky":false,"template":"","format":"standard","meta":{"ngg_post_thumbnail":0,"footnotes":""},"categories":[1],"tags":[],"class_list":["post-9232","post","type-post","status-publish","format-standard","hentry","category-uncategorized"],"_links":{"self":[{"href":"https:\/\/bibliotekamoscisko.pl\/index.php?rest_route=\/wp\/v2\/posts\/9232","targetHints":{"allow":["GET"]}}],"collection":[{"href":"https:\/\/bibliotekamoscisko.pl\/index.php?rest_route=\/wp\/v2\/posts"}],"about":[{"href":"https:\/\/bibliotekamoscisko.pl\/index.php?rest_route=\/wp\/v2\/types\/post"}],"author":[{"embeddable":true,"href":"https:\/\/bibliotekamoscisko.pl\/index.php?rest_route=\/wp\/v2\/users\/1"}],"replies":[{"embeddable":true,"href":"https:\/\/bibliotekamoscisko.pl\/index.php?rest_route=%2Fwp%2Fv2%2Fcomments&post=9232"}],"version-history":[{"count":3,"href":"https:\/\/bibliotekamoscisko.pl\/index.php?rest_route=\/wp\/v2\/posts\/9232\/revisions"}],"predecessor-version":[{"id":9239,"href":"https:\/\/bibliotekamoscisko.pl\/index.php?rest_route=\/wp\/v2\/posts\/9232\/revisions\/9239"}],"wp:attachment":[{"href":"https:\/\/bibliotekamoscisko.pl\/index.php?rest_route=%2Fwp%2Fv2%2Fmedia&parent=9232"}],"wp:term":[{"taxonomy":"category","embeddable":true,"href":"https:\/\/bibliotekamoscisko.pl\/index.php?rest_route=%2Fwp%2Fv2%2Fcategories&post=9232"},{"taxonomy":"post_tag","embeddable":true,"href":"https:\/\/bibliotekamoscisko.pl\/index.php?rest_route=%2Fwp%2Fv2%2Ftags&post=9232"}],"curies":[{"name":"wp","href":"https:\/\/api.w.org\/{rel}","templated":true}]}}