{"id":9268,"date":"2019-09-24T07:27:47","date_gmt":"2019-09-24T07:27:47","guid":{"rendered":"http:\/\/bibliotekamoscisko.pl\/?p=9268"},"modified":"2019-09-24T07:37:20","modified_gmt":"2019-09-24T07:37:20","slug":"festiwal-sloikow-2","status":"publish","type":"post","link":"https:\/\/bibliotekamoscisko.pl\/?p=9268","title":{"rendered":"Festiwal S\u0142oik\u00f3w"},"content":{"rendered":"<h3><a href=\"http:\/\/bibliotekamoscisko.pl\/wp-content\/uploads\/2019\/09\/plakat-3.jpg\"><img fetchpriority=\"high\" decoding=\"async\" class=\"aligncenter size-large wp-image-9274\" src=\"http:\/\/bibliotekamoscisko.pl\/wp-content\/uploads\/2019\/09\/plakat-3.jpg\" alt=\"\" width=\"519\" height=\"297\" srcset=\"https:\/\/bibliotekamoscisko.pl\/wp-content\/uploads\/2019\/09\/plakat-3.jpg 519w, https:\/\/bibliotekamoscisko.pl\/wp-content\/uploads\/2019\/09\/plakat-3-300x172.jpg 300w, https:\/\/bibliotekamoscisko.pl\/wp-content\/uploads\/2019\/09\/plakat-3-2x1.jpg 2w\" sizes=\"(max-width: 519px) 100vw, 519px\" \/><\/a><\/h3>\n<h3>Warsztaty artystyczne, degustacja przetwor\u00f3w i pyszne specja\u0142y zamkni\u0119te w s\u0142oikach &#8211; to tylko cz\u0119\u015b\u0107 atrakcji, jakie czeka\u0142y na go\u015bci &#8222;Festiwalu S\u0142oik\u00f3w&#8221;. W sobot\u0119 w Mo\u015bcisku zaprezentowa\u0142y si\u0119 ko\u0142a gospody\u0144 wiejskich, stowarzyszenia i lokalni r\u0119kodzielnicy z naszego regionu. Tegoroczny festiwal po\u0142\u0105czony by\u0142 z &#8222;Prezentacjami R\u0119kodzie\u0142a Wsi Dolno\u015bl\u0105skiej&#8221; zorganizowanymi w ramach projektu &#8222;Ku\u017ania wiedzy i do\u015bwiadcze\u0144 w obszarze dziedzictwa kulturowego regionu&#8221;. Na realizacj\u0119 przedsi\u0119wzi\u0119cia gmina Dzier\u017coni\u00f3w pozyska\u0142a \u015brodki z Krajowej Sieci Obszar\u00f3w Wiejskich. W Mo\u015bcisku odwiedzili nas partnerzy z gmin K\u0142odzko i Lubawka, kt\u00f3rzy wraz z liderami z gminy Dzier\u017coni\u00f3w wzi\u0119li udzia\u0142 w wielu ciekawych zaj\u0119ciach, m.in. z ozdabiania s\u0142oik\u00f3w wed\u0142ug dawnych tradycji i w warsztatach piernikowych. Uczestnicy poznali te\u017c trudn\u0105 sztuk\u0119 tworzenia koronki cz\u00f3\u0142enkowej i makram. Wys\u0142uchali r\u00f3wnie\u017c wyk\u0142adu &#8222;Jak w erze nowoczesnych technologii zachowa\u0107 lokalne dziedzictwo kulturowe?&#8221; przygotowanego przez Karolin\u0119 Klimek z Piernikarni \u015al\u0105skiej w Niemczy. Jednym z element\u00f3w Festiwalu S\u0142oik\u00f3w by\u0142 konkurs na najpi\u0119kniejsze stoisko. Komisja konkursowa, w sk\u0142ad kt\u00f3rej weszli Zast\u0119pca W\u00f3jta Gminy K\u0142odzko Urszula Pantera\u0142ka, Aleksandra \u0141uszczy\u0144ska z Urz\u0119du Gminy K\u0142odzko i Andrzej Szczypka z gospodarstwa rolnego &#8222;Szczypiorki&#8221;, mia\u0142a za zadanie oceni\u0107 zar\u00f3wno estetyk\u0119 stoisk, jak i smaki poszczeg\u00f3lnych konkursowych da\u0144. Wszystkie so\u0142ectwa wykaza\u0142y si\u0119 wielk\u0105 kreatywno\u015bci\u0105, a ka\u017cdy przygotowany przetw\u00f3r by\u0142 wyj\u0105tkowy. Po naradzie jury postanowi\u0142o przyzna\u0107 pierwsze miejsce Mo\u015bcisku, drugie miejsce &#8211; so\u0142ectwu Owiesno, a trzecie &#8211; so\u0142ectwu W\u0142\u00f3ki. Wyr\u00f3\u017cnienie otrzyma\u0142a delegacja so\u0142ectwa Jod\u0142ownik.<\/h3>\n<h3>Serdeczne podzi\u0119kowania sk\u0142adamy so\u0142tysom, delegacjom so\u0142eckim, ko\u0142om gospody\u0144 wiejskich oraz wszystkim osobom, kt\u00f3re zaanga\u017cowa\u0142y si\u0119 w przygotowanie tegorocznego &#8222;Festiwalu S\u0142oik\u00f3w&#8221;.<\/h3>\n<h5>\u00a0 \u00a0 \u00a0 \u00a0 \u00a0 \u00a0 \u00a0 \u00a0 \u00a0 \u00a0 \u00a0 \u00a0 \u00a0 \u00a0 \u00a0 \u00a0 \u00a0 \u00a0 \u00a0 \u00a0 \u00a0 \u00a0 \u00a0 \u00a0 \u00a0 \u00a0 \u00a0 \u00a0 \u00a0 \u00a0 \u00a0 \u00a0 \u00a0 \u00a0 \u00a0 \u00a0 \u00a0 \u00a0 \u00a0 \u00a0 \u00a0 \u00a0 \u00a0 \u00a0 \u00a0 \u00a0 \u00a0 \u00a0 \u00a0 \u00a0 \u00a0 \u00a0 \u00a0 \u00a0 \u00a0 \u00a0 \u00a0 \u00a0 \u00a0 \u00a0 \u00a0 \u00a0 \u00a0 \u00a0 \u00a0 \u00a0 \u00a0 \u00a0 \u00a0 \u00a0 \u00a0 \u00a0 materia\u0142 ze strony: https:\/\/www.ug.dzierzoniow.pl\/wydarzenia\/festiwal-sloikow-w-moscisku-2<\/h5>\n<p style=\"text-align: center;\">Partnerem wydarzenia by\u0142a Biblioteka Publiczna Gminy Dzier\u017coni\u00f3w im. W\u0142adys\u0142awa Reymonta.<\/p>\n<p><a href=\"http:\/\/bibliotekamoscisko.pl\/wp-content\/uploads\/2019\/09\/68743532_1498353666974245_2645231874699427840_o.jpg\"><img decoding=\"async\" class=\"aligncenter size-large wp-image-9270\" src=\"http:\/\/bibliotekamoscisko.pl\/wp-content\/uploads\/2019\/09\/68743532_1498353666974245_2645231874699427840_o-1024x683.jpg\" alt=\"\" width=\"654\" height=\"436\" srcset=\"https:\/\/bibliotekamoscisko.pl\/wp-content\/uploads\/2019\/09\/68743532_1498353666974245_2645231874699427840_o-1024x683.jpg 1024w, https:\/\/bibliotekamoscisko.pl\/wp-content\/uploads\/2019\/09\/68743532_1498353666974245_2645231874699427840_o-300x200.jpg 300w, https:\/\/bibliotekamoscisko.pl\/wp-content\/uploads\/2019\/09\/68743532_1498353666974245_2645231874699427840_o-768x512.jpg 768w, https:\/\/bibliotekamoscisko.pl\/wp-content\/uploads\/2019\/09\/68743532_1498353666974245_2645231874699427840_o.jpg 2048w\" sizes=\"(max-width: 654px) 100vw, 654px\" \/><\/a><\/p>\n<h1 style=\"text-align: center;\"><a href=\"https:\/\/www.ug.dzierzoniow.pl\/galeria\/176\" target=\"_blank\" rel=\"noopener\"><strong>GALERIA ZDJ\u0118\u0106<\/strong><\/a><\/h1>\n<p><a href=\"http:\/\/bibliotekamoscisko.pl\/wp-content\/uploads\/2019\/09\/baner_ksow.png\"><img decoding=\"async\" class=\"aligncenter wp-image-9269 size-full\" src=\"http:\/\/bibliotekamoscisko.pl\/wp-content\/uploads\/2019\/09\/baner_ksow.png\" alt=\"\" width=\"918\" height=\"142\" srcset=\"https:\/\/bibliotekamoscisko.pl\/wp-content\/uploads\/2019\/09\/baner_ksow.png 918w, https:\/\/bibliotekamoscisko.pl\/wp-content\/uploads\/2019\/09\/baner_ksow-300x46.png 300w, https:\/\/bibliotekamoscisko.pl\/wp-content\/uploads\/2019\/09\/baner_ksow-768x119.png 768w, https:\/\/bibliotekamoscisko.pl\/wp-content\/uploads\/2019\/09\/baner_ksow-6x1.png 6w\" sizes=\"(max-width: 918px) 100vw, 918px\" \/><\/a><\/p>\n<h5 style=\"text-align: center;\">&#8222;Europejski Fundusz Rolny na rzecz Rozwoju Obszar\u00f3w Wiejskich: Europa inwestuj\u0105ca w obszary wiejskie&#8221;.<br \/>\nInstytucja Zarz\u0105dzaj\u0105ca Programem Rozwoju Obszar\u00f3w Wiejskich na lata 2014-2020 &#8211; Minister Rolnictwa i Rozwoju Wsi<br \/>\nOperacja wsp\u00f3\u0142finansowana ze \u015brodk\u00f3w Unii Europejskiej w ramach Schematu II Pomocy Technicznej &#8222;Krajowa Sie\u0107 Obszar\u00f3w Wiejskich&#8221; Programu Rozwoju Obszar\u00f3w Wiejskich na lata 2014-2020<\/h5>\n","protected":false},"excerpt":{"rendered":"<p>Warsztaty artystyczne, degustacja przetwor\u00f3w i pyszne specja\u0142y zamkni\u0119te w s\u0142oikach &#8211; to tylko cz\u0119\u015b\u0107 atrakcji, jakie czeka\u0142y na go\u015bci &#8222;Festiwalu S\u0142oik\u00f3w&#8221;. W sobot\u0119 w Mo\u015bcisku zaprezentowa\u0142y si\u0119 ko\u0142a gospody\u0144 wiejskich, [&hellip;]<\/p>\n","protected":false},"author":1,"featured_media":0,"comment_status":"closed","ping_status":"open","sticky":false,"template":"","format":"standard","meta":{"ngg_post_thumbnail":0,"footnotes":""},"categories":[1],"tags":[],"class_list":["post-9268","post","type-post","status-publish","format-standard","hentry","category-uncategorized"],"_links":{"self":[{"href":"https:\/\/bibliotekamoscisko.pl\/index.php?rest_route=\/wp\/v2\/posts\/9268","targetHints":{"allow":["GET"]}}],"collection":[{"href":"https:\/\/bibliotekamoscisko.pl\/index.php?rest_route=\/wp\/v2\/posts"}],"about":[{"href":"https:\/\/bibliotekamoscisko.pl\/index.php?rest_route=\/wp\/v2\/types\/post"}],"author":[{"embeddable":true,"href":"https:\/\/bibliotekamoscisko.pl\/index.php?rest_route=\/wp\/v2\/users\/1"}],"replies":[{"embeddable":true,"href":"https:\/\/bibliotekamoscisko.pl\/index.php?rest_route=%2Fwp%2Fv2%2Fcomments&post=9268"}],"version-history":[{"count":3,"href":"https:\/\/bibliotekamoscisko.pl\/index.php?rest_route=\/wp\/v2\/posts\/9268\/revisions"}],"predecessor-version":[{"id":9275,"href":"https:\/\/bibliotekamoscisko.pl\/index.php?rest_route=\/wp\/v2\/posts\/9268\/revisions\/9275"}],"wp:attachment":[{"href":"https:\/\/bibliotekamoscisko.pl\/index.php?rest_route=%2Fwp%2Fv2%2Fmedia&parent=9268"}],"wp:term":[{"taxonomy":"category","embeddable":true,"href":"https:\/\/bibliotekamoscisko.pl\/index.php?rest_route=%2Fwp%2Fv2%2Fcategories&post=9268"},{"taxonomy":"post_tag","embeddable":true,"href":"https:\/\/bibliotekamoscisko.pl\/index.php?rest_route=%2Fwp%2Fv2%2Ftags&post=9268"}],"curies":[{"name":"wp","href":"https:\/\/api.w.org\/{rel}","templated":true}]}}