{"id":9288,"date":"2019-09-27T08:32:39","date_gmt":"2019-09-27T08:32:39","guid":{"rendered":"http:\/\/bibliotekamoscisko.pl\/?p=9288"},"modified":"2019-09-27T11:11:39","modified_gmt":"2019-09-27T11:11:39","slug":"znajdzmy-wspolny-jezyk-noc-bibliotek","status":"publish","type":"post","link":"https:\/\/bibliotekamoscisko.pl\/?p=9288","title":{"rendered":"Znajd\u017amy wsp\u00f3lny j\u0119zyk &#8211; NOC BIBLIOTEK!"},"content":{"rendered":"<p>&nbsp;<\/p>\n<h2 style=\"text-align: center;\">Biblioteka w Mo\u015bcisku zaprasza dzieci w wieku od 7 do 12 lat do wsp\u00f3lnej zabawy podczas Nocy Bibliotek!<\/h2>\n<p style=\"text-align: center;\">W tym roku czekaj\u0105 na Was specjalne niespodzianki i wyj\u0105tkowi go\u015bcie. Obowi\u0105zuj\u0105 zapisy! Liczba miejsc ograniczona!<\/p>\n<p style=\"text-align: center;\">Do 5 pa\u017adziernika trwa r\u00f3wnie\u017c zbi\u00f3rka karmy dla podopiecznych Stowarzyszenia Omyczek.<a href=\"http:\/\/bibliotekamoscisko.pl\/wp-content\/uploads\/2019\/09\/plakat-6.jpg\"><img fetchpriority=\"high\" decoding=\"async\" class=\"aligncenter size-full wp-image-9293\" src=\"http:\/\/bibliotekamoscisko.pl\/wp-content\/uploads\/2019\/09\/plakat-6.jpg\" alt=\"\" width=\"556\" height=\"800\" srcset=\"https:\/\/bibliotekamoscisko.pl\/wp-content\/uploads\/2019\/09\/plakat-6.jpg 556w, https:\/\/bibliotekamoscisko.pl\/wp-content\/uploads\/2019\/09\/plakat-6-209x300.jpg 209w, https:\/\/bibliotekamoscisko.pl\/wp-content\/uploads\/2019\/09\/plakat-6-1x1.jpg 1w\" sizes=\"(max-width: 556px) 100vw, 556px\" \/><\/a><a href=\"http:\/\/bibliotekamoscisko.pl\/wp-content\/uploads\/2019\/09\/NB-Ostroszowice.png\"><img decoding=\"async\" class=\"aligncenter size-full wp-image-9311\" src=\"http:\/\/bibliotekamoscisko.pl\/wp-content\/uploads\/2019\/09\/NB-Ostroszowice.png\" alt=\"\" width=\"836\" height=\"593\" srcset=\"https:\/\/bibliotekamoscisko.pl\/wp-content\/uploads\/2019\/09\/NB-Ostroszowice.png 836w, https:\/\/bibliotekamoscisko.pl\/wp-content\/uploads\/2019\/09\/NB-Ostroszowice-300x213.png 300w, https:\/\/bibliotekamoscisko.pl\/wp-content\/uploads\/2019\/09\/NB-Ostroszowice-768x545.png 768w, https:\/\/bibliotekamoscisko.pl\/wp-content\/uploads\/2019\/09\/NB-Ostroszowice-1x1.png 1w\" sizes=\"(max-width: 836px) 100vw, 836px\" \/><\/a><\/p>\n","protected":false},"excerpt":{"rendered":"<p>&nbsp; Biblioteka w Mo\u015bcisku zaprasza dzieci w wieku od 7 do 12 lat do wsp\u00f3lnej zabawy podczas Nocy Bibliotek! W tym roku czekaj\u0105 na Was specjalne niespodzianki i wyj\u0105tkowi go\u015bcie. [&hellip;]<\/p>\n","protected":false},"author":1,"featured_media":0,"comment_status":"closed","ping_status":"open","sticky":false,"template":"","format":"standard","meta":{"ngg_post_thumbnail":0,"footnotes":""},"categories":[1],"tags":[],"class_list":["post-9288","post","type-post","status-publish","format-standard","hentry","category-uncategorized"],"_links":{"self":[{"href":"https:\/\/bibliotekamoscisko.pl\/index.php?rest_route=\/wp\/v2\/posts\/9288","targetHints":{"allow":["GET"]}}],"collection":[{"href":"https:\/\/bibliotekamoscisko.pl\/index.php?rest_route=\/wp\/v2\/posts"}],"about":[{"href":"https:\/\/bibliotekamoscisko.pl\/index.php?rest_route=\/wp\/v2\/types\/post"}],"author":[{"embeddable":true,"href":"https:\/\/bibliotekamoscisko.pl\/index.php?rest_route=\/wp\/v2\/users\/1"}],"replies":[{"embeddable":true,"href":"https:\/\/bibliotekamoscisko.pl\/index.php?rest_route=%2Fwp%2Fv2%2Fcomments&post=9288"}],"version-history":[{"count":4,"href":"https:\/\/bibliotekamoscisko.pl\/index.php?rest_route=\/wp\/v2\/posts\/9288\/revisions"}],"predecessor-version":[{"id":9313,"href":"https:\/\/bibliotekamoscisko.pl\/index.php?rest_route=\/wp\/v2\/posts\/9288\/revisions\/9313"}],"wp:attachment":[{"href":"https:\/\/bibliotekamoscisko.pl\/index.php?rest_route=%2Fwp%2Fv2%2Fmedia&parent=9288"}],"wp:term":[{"taxonomy":"category","embeddable":true,"href":"https:\/\/bibliotekamoscisko.pl\/index.php?rest_route=%2Fwp%2Fv2%2Fcategories&post=9288"},{"taxonomy":"post_tag","embeddable":true,"href":"https:\/\/bibliotekamoscisko.pl\/index.php?rest_route=%2Fwp%2Fv2%2Ftags&post=9288"}],"curies":[{"name":"wp","href":"https:\/\/api.w.org\/{rel}","templated":true}]}}