{"id":9299,"date":"2019-09-27T09:53:09","date_gmt":"2019-09-27T09:53:09","guid":{"rendered":"http:\/\/bibliotekamoscisko.pl\/?p=9299"},"modified":"2019-09-27T09:53:09","modified_gmt":"2019-09-27T09:53:09","slug":"dziewczynki-lataja-wysoko","status":"publish","type":"post","link":"https:\/\/bibliotekamoscisko.pl\/?p=9299","title":{"rendered":"Dziewczynki lataj\u0105 wysoko"},"content":{"rendered":"<p>Koniecznie przeczytajcie z dzie\u0107mi t\u0119 ksi\u0105\u017ck\u0119. A nawet czytajcie wielokrotnie&#8230;<a href=\"http:\/\/bibliotekamoscisko.pl\/wp-content\/uploads\/2014\/10\/dkk.jpg\"><img decoding=\"async\" class=\"alignright size-medium wp-image-886\" src=\"http:\/\/bibliotekamoscisko.pl\/wp-content\/uploads\/2014\/10\/dkk-300x91.jpg\" alt=\"\" width=\"300\" height=\"91\" srcset=\"https:\/\/bibliotekamoscisko.pl\/wp-content\/uploads\/2014\/10\/dkk-300x91.jpg 300w, https:\/\/bibliotekamoscisko.pl\/wp-content\/uploads\/2014\/10\/dkk.jpg 405w\" sizes=\"(max-width: 300px) 100vw, 300px\" \/><\/a><\/p>\n<p>Pouczaj\u0105ca ksi\u0105\u017cka Raquel Diaz Reguera <em>Dziewczynki lataj\u0105 wysoko,<\/em> przeczytana w bibliotece dla pierwszej klasy, wywo\u0142a\u0142a dyskusj\u0119 na temat czy dziewczynki mog\u0105 mie\u0107 takie same marzenia jak ch\u0142opcy.<br \/>\nTo bardzo pouczaj\u0105ca, dodaj\u0105ca wiary w siebie ksi\u0105\u017cka.<br \/>\nNatrafi\u0142am na znakomit\u0105 rekomendacj\u0119 tej lektury autorstwa Magdy Kwiatkowskiej-Gadzi\u0144skiej:<\/p>\n<p><em>T\u0119 ksi\u0105\u017ck\u0119 powinna dosta\u0107 i przeczyta\u0107 ka\u017cda dziewczynka. Nie musi po tym od razu zosta\u0107 pilotk\u0105 ani skrzypaczk\u0105. Mo\u017ce wykonywa\u0107 ka\u017cdy zaw\u00f3d, do kt\u00f3rego tylko b\u0119dzie mia\u0142a predyspozycje, mo\u017ce podr\u00f3\u017cowa\u0107, marzy\u0107 i zawiera\u0107 nowe znajomo\u015bci. Autorka w pi\u0119kny i zrozumia\u0142y dla dzieci spos\u00f3b opowiada o z\u0142o\u015bliwo\u015bci losu, o ludziach, kt\u00f3rzy ch\u0119tnie podcinaj\u0105 skrzyd\u0142a innym i tych, kt\u00f3rzy mimo wszystko zawsze wierz\u0105 w drugiego cz\u0142owieka. Bo przes\u0142anie tej ksi\u0105\u017cki jest optymistyczne i zach\u0119ca do dzia\u0142ania. I w tym w\u0142a\u015bnie tkwi si\u0142a tej opowie\u015bci. To naprawd\u0119 warto\u015bciowa, a do tego pi\u0119knie zilustrowana ksi\u0105\u017cka z mocnym i wa\u017cnym przekazem.<\/em><br \/>\n<em>To lektura obowi\u0105zkowa dla ka\u017cdego m\u0142odego cz\u0142owieka. Niech nikt z nich nigdy nie straci wiary w siebie.<\/em><br \/>\nNasze wspania\u0142e spotkanie z pierwszakami w dniu 25 wrze\u015bnia rozpoczyna fascynuj\u0105c\u0105 przygod\u0119m w kr\u00f3lestwie ksi\u0105\u017cek! Dyskusyjne Kluby Ksi\u0105\u017cki pozwalaj\u0105 dzieciom zrozumie\u0107 \u015bwiat!<\/p>\n<div id='gallery-1' class='gallery galleryid-9299 gallery-columns-3 gallery-size-thumbnail'><figure class='gallery-item'>\n\t\t\t<div class='gallery-icon landscape'>\n\t\t\t\t<a href='https:\/\/bibliotekamoscisko.pl\/?attachment_id=9300'><img decoding=\"async\" width=\"150\" height=\"150\" src=\"https:\/\/bibliotekamoscisko.pl\/wp-content\/uploads\/2019\/09\/g-150x150.jpg\" class=\"attachment-thumbnail size-thumbnail\" alt=\"\" srcset=\"https:\/\/bibliotekamoscisko.pl\/wp-content\/uploads\/2019\/09\/g-150x150.jpg 150w, https:\/\/bibliotekamoscisko.pl\/wp-content\/uploads\/2019\/09\/g-1x1.jpg 1w\" sizes=\"(max-width: 150px) 100vw, 150px\" \/><\/a>\n\t\t\t<\/div><\/figure><figure class='gallery-item'>\n\t\t\t<div class='gallery-icon landscape'>\n\t\t\t\t<a href='https:\/\/bibliotekamoscisko.pl\/?attachment_id=9301'><img decoding=\"async\" width=\"150\" height=\"150\" src=\"https:\/\/bibliotekamoscisko.pl\/wp-content\/uploads\/2019\/09\/h-150x150.jpg\" class=\"attachment-thumbnail size-thumbnail\" alt=\"\" srcset=\"https:\/\/bibliotekamoscisko.pl\/wp-content\/uploads\/2019\/09\/h-150x150.jpg 150w, https:\/\/bibliotekamoscisko.pl\/wp-content\/uploads\/2019\/09\/h-1x1.jpg 1w\" sizes=\"(max-width: 150px) 100vw, 150px\" \/><\/a>\n\t\t\t<\/div><\/figure><figure class='gallery-item'>\n\t\t\t<div class='gallery-icon landscape'>\n\t\t\t\t<a href='https:\/\/bibliotekamoscisko.pl\/?attachment_id=9302'><img loading=\"lazy\" decoding=\"async\" width=\"150\" height=\"150\" src=\"https:\/\/bibliotekamoscisko.pl\/wp-content\/uploads\/2019\/09\/i-150x150.jpg\" class=\"attachment-thumbnail size-thumbnail\" alt=\"\" srcset=\"https:\/\/bibliotekamoscisko.pl\/wp-content\/uploads\/2019\/09\/i-150x150.jpg 150w, https:\/\/bibliotekamoscisko.pl\/wp-content\/uploads\/2019\/09\/i-1x1.jpg 1w\" sizes=\"(max-width: 150px) 100vw, 150px\" \/><\/a>\n\t\t\t<\/div><\/figure>\n\t\t<\/div>\n\n<p style=\"text-align: center;\">Dzi\u0119kuj\u0119 wychowawczyni klasy pierwszej pani Alicji Najwer za wspania\u0142\u0105 interpretacj\u0119 czytanej ksi\u0105\u017cki.<\/p>\n<p>&nbsp;<\/p>\n<p>Maria Kirkiewicz<br \/>\nDKK W Ostroszowicach<\/p>\n","protected":false},"excerpt":{"rendered":"<p>Koniecznie przeczytajcie z dzie\u0107mi t\u0119 ksi\u0105\u017ck\u0119. A nawet czytajcie wielokrotnie&#8230; Pouczaj\u0105ca ksi\u0105\u017cka Raquel Diaz Reguera Dziewczynki lataj\u0105 wysoko, przeczytana w bibliotece dla pierwszej klasy, wywo\u0142a\u0142a dyskusj\u0119 na temat czy dziewczynki [&hellip;]<\/p>\n","protected":false},"author":1,"featured_media":0,"comment_status":"closed","ping_status":"open","sticky":false,"template":"","format":"standard","meta":{"ngg_post_thumbnail":0,"footnotes":""},"categories":[1],"tags":[],"class_list":["post-9299","post","type-post","status-publish","format-standard","hentry","category-uncategorized"],"_links":{"self":[{"href":"https:\/\/bibliotekamoscisko.pl\/index.php?rest_route=\/wp\/v2\/posts\/9299","targetHints":{"allow":["GET"]}}],"collection":[{"href":"https:\/\/bibliotekamoscisko.pl\/index.php?rest_route=\/wp\/v2\/posts"}],"about":[{"href":"https:\/\/bibliotekamoscisko.pl\/index.php?rest_route=\/wp\/v2\/types\/post"}],"author":[{"embeddable":true,"href":"https:\/\/bibliotekamoscisko.pl\/index.php?rest_route=\/wp\/v2\/users\/1"}],"replies":[{"embeddable":true,"href":"https:\/\/bibliotekamoscisko.pl\/index.php?rest_route=%2Fwp%2Fv2%2Fcomments&post=9299"}],"version-history":[{"count":1,"href":"https:\/\/bibliotekamoscisko.pl\/index.php?rest_route=\/wp\/v2\/posts\/9299\/revisions"}],"predecessor-version":[{"id":9303,"href":"https:\/\/bibliotekamoscisko.pl\/index.php?rest_route=\/wp\/v2\/posts\/9299\/revisions\/9303"}],"wp:attachment":[{"href":"https:\/\/bibliotekamoscisko.pl\/index.php?rest_route=%2Fwp%2Fv2%2Fmedia&parent=9299"}],"wp:term":[{"taxonomy":"category","embeddable":true,"href":"https:\/\/bibliotekamoscisko.pl\/index.php?rest_route=%2Fwp%2Fv2%2Fcategories&post=9299"},{"taxonomy":"post_tag","embeddable":true,"href":"https:\/\/bibliotekamoscisko.pl\/index.php?rest_route=%2Fwp%2Fv2%2Ftags&post=9299"}],"curies":[{"name":"wp","href":"https:\/\/api.w.org\/{rel}","templated":true}]}}