{"id":9306,"date":"2019-09-27T10:32:48","date_gmt":"2019-09-27T10:32:48","guid":{"rendered":"http:\/\/bibliotekamoscisko.pl\/?p=9306"},"modified":"2019-09-27T10:32:48","modified_gmt":"2019-09-27T10:32:48","slug":"domowy-rodzinne-historie-o-slowach","status":"publish","type":"post","link":"https:\/\/bibliotekamoscisko.pl\/?p=9306","title":{"rendered":"DoMowy. Rodzinne historie o s\u0142owach"},"content":{"rendered":"<p><a href=\"http:\/\/bibliotekamoscisko.pl\/wp-content\/uploads\/2019\/09\/baner_dom_2019.jpg\"><img fetchpriority=\"high\" decoding=\"async\" class=\"aligncenter size-full wp-image-9307\" src=\"http:\/\/bibliotekamoscisko.pl\/wp-content\/uploads\/2019\/09\/baner_dom_2019.jpg\" alt=\"\" width=\"1140\" height=\"350\" srcset=\"https:\/\/bibliotekamoscisko.pl\/wp-content\/uploads\/2019\/09\/baner_dom_2019.jpg 1140w, https:\/\/bibliotekamoscisko.pl\/wp-content\/uploads\/2019\/09\/baner_dom_2019-300x92.jpg 300w, https:\/\/bibliotekamoscisko.pl\/wp-content\/uploads\/2019\/09\/baner_dom_2019-768x236.jpg 768w, https:\/\/bibliotekamoscisko.pl\/wp-content\/uploads\/2019\/09\/baner_dom_2019-1024x314.jpg 1024w, https:\/\/bibliotekamoscisko.pl\/wp-content\/uploads\/2019\/09\/baner_dom_2019-3x1.jpg 3w\" sizes=\"(max-width: 1140px) 100vw, 1140px\" \/><\/a><\/p>\n<h2 style=\"text-align: center;\"><strong>Pobaw si\u0119 tw\u00f3rczo j\u0119zykiem wsp\u00f3lnie ze swoim smykiem!<\/strong><\/h2>\n<p>Warsztaty zosta\u0142y przygotowane z my\u015bl\u0105 o dzieciach w wieku ok. 4-8\u00a0lat i rodzicach, kt\u00f3rzy na co dzie\u0144 towarzysz\u0105 im\u00a0 w rozwoju mowy i z zaciekawieniem obserwuj\u0105, jak dzieci tworz\u0105 j\u0119zyk.<br \/>\nZaj\u0119cia sk\u0142adaj\u0105 si\u0119 z dw\u00f3ch cz\u0119\u015bci. Pierwsza to zabawy \u2014 gry s\u0142owne oraz czytanie tekst\u00f3w literackich, kt\u00f3re s\u0105 okazj\u0105 do odkrywania znaczenia s\u0142\u00f3w, pobudzaj\u0105 wyobra\u017ani\u0119 i dodatkowo zach\u0119caj\u0105 do tworzenia s\u0142ownika domowego \u2013 rodzinnego archiwum s\u0142\u00f3w. Druga za\u015b to warsztaty plastyczne, kt\u00f3rych celem jest utrwalenie w formie obrazkowej rodzinnych s\u0142\u00f3wek, powiedzonek, a tak\u017ce dzieci\u0119cych neologizm\u00f3w.<br \/>\nPomy\u015blcie o Waszych domowych wynalazkach s\u0142ownych i przynie\u015bcie je ze sob\u0105 na warsztaty!<\/p>\n<p><strong>Termin:<\/strong> 28.09.2019 r.\/sobota<\/p>\n<p><strong>Czas trwania:<\/strong> 2 godz. \/11.00-13.00<\/p>\n<p><strong>Miejsce<\/strong>: Biblioteka Publiczna Gminy Dzier\u017coni\u00f3w im. W\u0142adys\u0142awa Reymonta, ul. Kolejowa 12b, Mo\u015bcisko<\/p>\n","protected":false},"excerpt":{"rendered":"<p>Pobaw si\u0119 tw\u00f3rczo j\u0119zykiem wsp\u00f3lnie ze swoim smykiem! Warsztaty zosta\u0142y przygotowane z my\u015bl\u0105 o dzieciach w wieku ok. 4-8\u00a0lat i rodzicach, kt\u00f3rzy na co dzie\u0144 towarzysz\u0105 im\u00a0 w rozwoju mowy [&hellip;]<\/p>\n","protected":false},"author":1,"featured_media":0,"comment_status":"closed","ping_status":"open","sticky":false,"template":"","format":"standard","meta":{"ngg_post_thumbnail":0,"footnotes":""},"categories":[1],"tags":[],"class_list":["post-9306","post","type-post","status-publish","format-standard","hentry","category-uncategorized"],"_links":{"self":[{"href":"https:\/\/bibliotekamoscisko.pl\/index.php?rest_route=\/wp\/v2\/posts\/9306","targetHints":{"allow":["GET"]}}],"collection":[{"href":"https:\/\/bibliotekamoscisko.pl\/index.php?rest_route=\/wp\/v2\/posts"}],"about":[{"href":"https:\/\/bibliotekamoscisko.pl\/index.php?rest_route=\/wp\/v2\/types\/post"}],"author":[{"embeddable":true,"href":"https:\/\/bibliotekamoscisko.pl\/index.php?rest_route=\/wp\/v2\/users\/1"}],"replies":[{"embeddable":true,"href":"https:\/\/bibliotekamoscisko.pl\/index.php?rest_route=%2Fwp%2Fv2%2Fcomments&post=9306"}],"version-history":[{"count":1,"href":"https:\/\/bibliotekamoscisko.pl\/index.php?rest_route=\/wp\/v2\/posts\/9306\/revisions"}],"predecessor-version":[{"id":9308,"href":"https:\/\/bibliotekamoscisko.pl\/index.php?rest_route=\/wp\/v2\/posts\/9306\/revisions\/9308"}],"wp:attachment":[{"href":"https:\/\/bibliotekamoscisko.pl\/index.php?rest_route=%2Fwp%2Fv2%2Fmedia&parent=9306"}],"wp:term":[{"taxonomy":"category","embeddable":true,"href":"https:\/\/bibliotekamoscisko.pl\/index.php?rest_route=%2Fwp%2Fv2%2Fcategories&post=9306"},{"taxonomy":"post_tag","embeddable":true,"href":"https:\/\/bibliotekamoscisko.pl\/index.php?rest_route=%2Fwp%2Fv2%2Ftags&post=9306"}],"curies":[{"name":"wp","href":"https:\/\/api.w.org\/{rel}","templated":true}]}}