{"id":934,"date":"2014-10-15T12:16:09","date_gmt":"2014-10-15T12:16:09","guid":{"rendered":"http:\/\/bibliotekamoscisko.pl\/?p=934"},"modified":"2014-10-15T12:16:09","modified_gmt":"2014-10-15T12:16:09","slug":"zapraszamy-na-spotkanie-autorskie-z-gaja-kolodziej","status":"publish","type":"post","link":"https:\/\/bibliotekamoscisko.pl\/?p=934","title":{"rendered":"Zapraszamy na spotkanie autorskie z Gaj\u0105 Ko\u0142odziej"},"content":{"rendered":"<p><a href=\"http:\/\/bibliotekamoscisko.pl\/wp-content\/uploads\/2014\/10\/plakat-ma\u0142y.jpg\"><img fetchpriority=\"high\" decoding=\"async\" class=\"aligncenter wp-image-935 size-large\" src=\"http:\/\/bibliotekamoscisko.pl\/wp-content\/uploads\/2014\/10\/plakat-ma\u0142y-724x1024.jpg\" alt=\"plakat ma\u0142y\" width=\"724\" height=\"1024\" \/><\/a><\/p>\n<p>&nbsp;<\/p>\n<p>Gaja Ko\u0142odziej<\/p>\n<p>Polska pisarka m\u0142odego pokolenia. Autorka takich ksi\u0105\u017cek \u00a0jak: \u201eWystrza\u0142owa licealistka\u201d i \u201eWystrza\u0142owa maturzystka\u201d, \u201eDar\u201d, \u201eKsi\u0119\u017cniczka. W blasku s\u0142awy i cieniu obsesji\u201d oraz \u201ePrzemilczenia\u201d. Otrzyma\u0142a 1 nagrod\u0119 w og\u00f3lnopolskim konkursie literackim za opowiadanie pt. \u201eMoje jedyne marzenie\u201d.<\/p>\n<p>Wraz z rosn\u0105c\u0105 popularno\u015bci\u0105 swoich ksi\u0105\u017cek postanowi\u0142a ca\u0142kowicie po\u015bwi\u0119ci\u0107 si\u0119 pisarstwu. Na pocz\u0105tku 2013 roku za\u0142o\u017cy\u0142a\u00a0Instytut Sztuki Literackiej, kt\u00f3rego celem jest promowanie czytelnictwa i wspieranie nowych talent\u00f3w literackich. Prowadzi\u00a0Klub M\u0142odych Pisarzy, pracuje nad nast\u0119pn\u0105 powie\u015bci\u0105 i udowadnia, \u017ce z pisania mo\u017cna \u017cy\u0107.<\/p>\n<p><a title=\"oficjalna strona autorki\" href=\"http:\/\/www.gajakolodziej.com\/index.php?option=com_content&amp;view=article&amp;id=357&amp;Itemid=305\" target=\"_blank\">oficjalna strona pisarki<\/a><\/p>\n<p>&nbsp;<\/p>\n","protected":false},"excerpt":{"rendered":"<p>&nbsp; Gaja Ko\u0142odziej Polska pisarka m\u0142odego pokolenia. Autorka takich ksi\u0105\u017cek \u00a0jak: \u201eWystrza\u0142owa licealistka\u201d i \u201eWystrza\u0142owa maturzystka\u201d, \u201eDar\u201d, \u201eKsi\u0119\u017cniczka. W blasku s\u0142awy i cieniu obsesji\u201d oraz \u201ePrzemilczenia\u201d. Otrzyma\u0142a 1 nagrod\u0119 w [&hellip;]<\/p>\n","protected":false},"author":1,"featured_media":32,"comment_status":"closed","ping_status":"open","sticky":false,"template":"","format":"standard","meta":{"ngg_post_thumbnail":0,"footnotes":""},"categories":[1],"tags":[],"class_list":["post-934","post","type-post","status-publish","format-standard","has-post-thumbnail","hentry","category-uncategorized"],"_links":{"self":[{"href":"https:\/\/bibliotekamoscisko.pl\/index.php?rest_route=\/wp\/v2\/posts\/934","targetHints":{"allow":["GET"]}}],"collection":[{"href":"https:\/\/bibliotekamoscisko.pl\/index.php?rest_route=\/wp\/v2\/posts"}],"about":[{"href":"https:\/\/bibliotekamoscisko.pl\/index.php?rest_route=\/wp\/v2\/types\/post"}],"author":[{"embeddable":true,"href":"https:\/\/bibliotekamoscisko.pl\/index.php?rest_route=\/wp\/v2\/users\/1"}],"replies":[{"embeddable":true,"href":"https:\/\/bibliotekamoscisko.pl\/index.php?rest_route=%2Fwp%2Fv2%2Fcomments&post=934"}],"version-history":[{"count":1,"href":"https:\/\/bibliotekamoscisko.pl\/index.php?rest_route=\/wp\/v2\/posts\/934\/revisions"}],"predecessor-version":[{"id":936,"href":"https:\/\/bibliotekamoscisko.pl\/index.php?rest_route=\/wp\/v2\/posts\/934\/revisions\/936"}],"wp:featuredmedia":[{"embeddable":true,"href":"https:\/\/bibliotekamoscisko.pl\/index.php?rest_route=\/wp\/v2\/media\/32"}],"wp:attachment":[{"href":"https:\/\/bibliotekamoscisko.pl\/index.php?rest_route=%2Fwp%2Fv2%2Fmedia&parent=934"}],"wp:term":[{"taxonomy":"category","embeddable":true,"href":"https:\/\/bibliotekamoscisko.pl\/index.php?rest_route=%2Fwp%2Fv2%2Fcategories&post=934"},{"taxonomy":"post_tag","embeddable":true,"href":"https:\/\/bibliotekamoscisko.pl\/index.php?rest_route=%2Fwp%2Fv2%2Ftags&post=934"}],"curies":[{"name":"wp","href":"https:\/\/api.w.org\/{rel}","templated":true}]}}