{"id":9455,"date":"2019-10-15T11:10:31","date_gmt":"2019-10-15T11:10:31","guid":{"rendered":"http:\/\/bibliotekamoscisko.pl\/?p=9455"},"modified":"2019-10-15T13:04:51","modified_gmt":"2019-10-15T13:04:51","slug":"spotkanie-z-maria-paszynska-2","status":"publish","type":"post","link":"https:\/\/bibliotekamoscisko.pl\/?p=9455","title":{"rendered":"Spotkanie z Mari\u0105 Paszy\u0144sk\u0105"},"content":{"rendered":"<p>Jak nale\u017cy rozpocz\u0105\u0107 tydzie\u0144? Oczywi\u015bcie z ksi\u0105\u017ck\u0105 w r\u0119ku! Najlepiej z tak\u0105, kt\u00f3ra dodatkowo wniesie w nasz\u0105 codzienno\u015b\u0107 nieco optymizmu, gar\u015b\u0107 wiedzy i pobudzaj\u0105c wyobra\u017ani\u0119 zach\u0119ci do dalszego poszukiwania \u015blad\u00f3w przesz\u0142o\u015bci, smak\u00f3w i zapach\u00f3w.<a href=\"http:\/\/bibliotekamoscisko.pl\/wp-content\/uploads\/2019\/10\/Paszynska2.jpg\"><img fetchpriority=\"high\" decoding=\"async\" class=\"alignright wp-image-9457 size-medium\" src=\"http:\/\/bibliotekamoscisko.pl\/wp-content\/uploads\/2019\/10\/Paszynska2-300x200.jpg\" alt=\"\" width=\"300\" height=\"200\" srcset=\"https:\/\/bibliotekamoscisko.pl\/wp-content\/uploads\/2019\/10\/Paszynska2-300x200.jpg 300w, https:\/\/bibliotekamoscisko.pl\/wp-content\/uploads\/2019\/10\/Paszynska2-768x512.jpg 768w, https:\/\/bibliotekamoscisko.pl\/wp-content\/uploads\/2019\/10\/Paszynska2.jpg 1024w, https:\/\/bibliotekamoscisko.pl\/wp-content\/uploads\/2019\/10\/Paszynska2-1x1.jpg 1w\" sizes=\"(max-width: 300px) 100vw, 300px\" \/><\/a><\/p>\n<p>Takie w\u0142a\u015bnie ksi\u0105\u017cki wychodz\u0105 spod pi\u00f3ra, a raczej w tym wypadku o\u0142\u00f3wka, Marii Paszy\u0144skiej. Pisarka, z urodzenia Dolno\u015bl\u0105zaczka, varsavianistka, prawniczka i orientalistka odwiedzi\u0142a w poniedzia\u0142ek 14 pa\u017adziernika Bibliotek\u0119 Publiczn\u0105 Gminy Dzier\u017coni\u00f3w im. W\u0142adys\u0142awa Reymonta w Mo\u015bcisku. Jej znakiem rozpoznawczym sta\u0142y si\u0119 powie\u015bci z histori\u0105 w tle, o kt\u00f3rej opowiada\u0142a z niezwyk\u0142\u0105 swad\u0105, wiedz\u0105 i zapa\u0142em. \u00a0\u00a0\u00a0\u00a0\u00a0\u00a0\u00a0\u00a0\u00a0\u00a0\u00a0\u00a0\u00a0\u00a0\u00a0\u00a0\u00a0\u00a0\u00a0\u00a0\u00a0\u00a0\u00a0\u00a0\u00a0\u00a0 \u00a0\u00a0\u00a0\u00a0\u00a0\u00a0\u00a0\u00a0\u00a0\u00a0\u00a0 Autorka zadebiutowa\u0142a w 2015 roku powie\u015bci\u0105 <em>Warszawski niebotyk<\/em>, kt\u00f3ra znalaz\u0142a si\u0119 w finale I. edycji konkursu Promotorzy Debiut\u00f3w, organizowanego przez Instytut Ksi\u0105\u017cki i Fundacj\u0119 Tygodnika Powszechnego. Powie\u015b\u0107 <em>Owoc granatu. Dziewcz\u0119ta wygnane<\/em> zosta\u0142a nominowana w plebiscycie portalu <em>lubimy czyta\u0107<\/em> do miana Ksi\u0105\u017cki Roku 2018 w kategorii Powie\u015b\u0107 historyczna. \u00a0\u00a0\u00a0\u00a0\u00a0 \u00a0\u00a0\u00a0\u00a0\u00a0\u00a0\u00a0\u00a0\u00a0\u00a0\u00a0\u00a0 \u00a0\u00a0\u00a0\u00a0\u00a0\u00a0\u00a0\u00a0\u00a0\u00a0\u00a0\u00a0\u00a0\u00a0\u00a0\u00a0\u00a0\u00a0\u00a0\u00a0\u00a0\u00a0\u00a0\u00a0\u00a0\u00a0\u00a0\u00a0\u00a0\u00a0\u00a0\u00a0\u00a0\u00a0\u00a0\u00a0\u00a0\u00a0\u00a0 \u00a0 \u00a0 \u00a0 \u00a0 \u00a0 \u00a0 \u00a0 \u00a0 \u00a0 \u00a0 \u00a0 \u00a0 \u00a0 \u00a0 \u00a0 \u00a0 \u00a0 \u00a0 \u00a0 \u00a0 \u00a0 \u00a0 \u00a0 \u00a0 \u00a0 \u00a0 \u00a0 \u00a0 \u00a0 \u00a0\u00a0 Podczas naszego spotkania skupili\u015bmy si\u0119 na ksi\u0105\u017ckach, w kt\u00f3rych spod fikcji literackiej wyzieraj\u0105 na \u015bwiat\u0142o dzienne poruszaj\u0105ce historie ludzkich los\u00f3w. Mada Walter, czy Antonina i Jan \u017babi\u0144scy to postaci, o kt\u00f3rych nale\u017cy m\u00f3wi\u0107 jak najcz\u0119\u015bciej, przypominaj\u0105c w jaki spos\u00f3b ratowa\u0142y od wojennej po\u017cogi pojedyncze \u00a0\u015bwiaty. \u00a0Odszukiwanie materia\u0142\u00f3w, por\u00f3wnywanie, uzyskiwanie zg\u00f3d na dost\u0119p do dokument\u00f3w historycznych to spora cz\u0119\u015b\u0107 pracy autorki serii <em>Owoc granatu. <\/em>Rzetelnie zbierane dane powoduj\u0105, \u017ce ksi\u0105\u017cki Marii Paszy\u0144skiej staj\u0105 si\u0119 kolejnym \u015bwiadectwem przedstawianych przez ni\u0105 kartek z kalendarza naszej historii.<br \/>\nW spotkaniu uczestniczyli w\u00f3jt gminy Dzier\u017coni\u00f3w Marek Chmielewski oraz zast\u0119pca w\u00f3jta\u00a0 Jolanta Zarzeka, kt\u00f3rzy z rado\u015bci\u0105 s\u0142uchali ciep\u0142ych wspomnie\u0144 autorki z dzier\u017coniowskiego podw\u00f3rka, gdzie kr\u00f3lowa\u0142 trzepak i niezg\u0142\u0119biona piaskownica.<\/p>\n<p>Znakomita wi\u0119kszo\u015b\u0107 tytu\u0142\u00f3w, kt\u00f3rymi mog\u0105 si\u0119 w naszych bibliotekach cieszy\u0107 czytelnicy to dar pisarki, za kt\u00f3ry jeszcze raz, tym razem osobi\u015bcie, mogli\u015bmy podzi\u0119kowa\u0107. Na naszych p\u00f3\u0142kach bibliotecznych pojawi\u0142y si\u0119 tak\u017ce najnowsze tytu\u0142y autorki po kt\u00f3re zapraszamy, \u017cycz\u0105c autorce kolejnych zrealizowanych pomys\u0142\u00f3w literackich.<\/p>\n<div id='gallery-1' class='gallery galleryid-9455 gallery-columns-3 gallery-size-thumbnail'><figure class='gallery-item'>\n\t\t\t<div class='gallery-icon landscape'>\n\t\t\t\t<a href='https:\/\/bibliotekamoscisko.pl\/?attachment_id=9456'><img decoding=\"async\" width=\"150\" height=\"150\" src=\"https:\/\/bibliotekamoscisko.pl\/wp-content\/uploads\/2019\/10\/Paszynska1-150x150.jpg\" class=\"attachment-thumbnail size-thumbnail\" alt=\"\" srcset=\"https:\/\/bibliotekamoscisko.pl\/wp-content\/uploads\/2019\/10\/Paszynska1-150x150.jpg 150w, https:\/\/bibliotekamoscisko.pl\/wp-content\/uploads\/2019\/10\/Paszynska1-2x1.jpg 2w\" sizes=\"(max-width: 150px) 100vw, 150px\" \/><\/a>\n\t\t\t<\/div><\/figure><figure class='gallery-item'>\n\t\t\t<div class='gallery-icon landscape'>\n\t\t\t\t<a href='https:\/\/bibliotekamoscisko.pl\/?attachment_id=9458'><img decoding=\"async\" width=\"150\" height=\"150\" src=\"https:\/\/bibliotekamoscisko.pl\/wp-content\/uploads\/2019\/10\/Paszynska3-150x150.jpg\" class=\"attachment-thumbnail size-thumbnail\" alt=\"\" srcset=\"https:\/\/bibliotekamoscisko.pl\/wp-content\/uploads\/2019\/10\/Paszynska3-150x150.jpg 150w, https:\/\/bibliotekamoscisko.pl\/wp-content\/uploads\/2019\/10\/Paszynska3-1x1.jpg 1w\" sizes=\"(max-width: 150px) 100vw, 150px\" \/><\/a>\n\t\t\t<\/div><\/figure><figure class='gallery-item'>\n\t\t\t<div class='gallery-icon landscape'>\n\t\t\t\t<a href='https:\/\/bibliotekamoscisko.pl\/?attachment_id=9459'><img loading=\"lazy\" decoding=\"async\" width=\"150\" height=\"150\" src=\"https:\/\/bibliotekamoscisko.pl\/wp-content\/uploads\/2019\/10\/Paszynska4-150x150.jpg\" class=\"attachment-thumbnail size-thumbnail\" alt=\"\" srcset=\"https:\/\/bibliotekamoscisko.pl\/wp-content\/uploads\/2019\/10\/Paszynska4-150x150.jpg 150w, https:\/\/bibliotekamoscisko.pl\/wp-content\/uploads\/2019\/10\/Paszynska4-2x1.jpg 2w\" sizes=\"(max-width: 150px) 100vw, 150px\" \/><\/a>\n\t\t\t<\/div><\/figure><figure class='gallery-item'>\n\t\t\t<div class='gallery-icon portrait'>\n\t\t\t\t<a href='https:\/\/bibliotekamoscisko.pl\/?attachment_id=9460'><img loading=\"lazy\" decoding=\"async\" width=\"150\" height=\"150\" src=\"https:\/\/bibliotekamoscisko.pl\/wp-content\/uploads\/2019\/10\/Paszynska5-150x150.jpg\" class=\"attachment-thumbnail size-thumbnail\" alt=\"\" srcset=\"https:\/\/bibliotekamoscisko.pl\/wp-content\/uploads\/2019\/10\/Paszynska5-150x150.jpg 150w, https:\/\/bibliotekamoscisko.pl\/wp-content\/uploads\/2019\/10\/Paszynska5-1x1.jpg 1w\" sizes=\"(max-width: 150px) 100vw, 150px\" \/><\/a>\n\t\t\t<\/div><\/figure><figure class='gallery-item'>\n\t\t\t<div class='gallery-icon landscape'>\n\t\t\t\t<a href='https:\/\/bibliotekamoscisko.pl\/?attachment_id=9461'><img loading=\"lazy\" decoding=\"async\" width=\"150\" height=\"150\" src=\"https:\/\/bibliotekamoscisko.pl\/wp-content\/uploads\/2019\/10\/Paszynska6-150x150.jpg\" class=\"attachment-thumbnail size-thumbnail\" alt=\"\" srcset=\"https:\/\/bibliotekamoscisko.pl\/wp-content\/uploads\/2019\/10\/Paszynska6-150x150.jpg 150w, https:\/\/bibliotekamoscisko.pl\/wp-content\/uploads\/2019\/10\/Paszynska6-1x1.jpg 1w\" sizes=\"(max-width: 150px) 100vw, 150px\" \/><\/a>\n\t\t\t<\/div><\/figure><figure class='gallery-item'>\n\t\t\t<div class='gallery-icon landscape'>\n\t\t\t\t<a href='https:\/\/bibliotekamoscisko.pl\/?attachment_id=9462'><img loading=\"lazy\" decoding=\"async\" width=\"150\" height=\"150\" src=\"https:\/\/bibliotekamoscisko.pl\/wp-content\/uploads\/2019\/10\/Paszynska7-150x150.jpg\" class=\"attachment-thumbnail size-thumbnail\" alt=\"\" srcset=\"https:\/\/bibliotekamoscisko.pl\/wp-content\/uploads\/2019\/10\/Paszynska7-150x150.jpg 150w, https:\/\/bibliotekamoscisko.pl\/wp-content\/uploads\/2019\/10\/Paszynska7-1x1.jpg 1w\" sizes=\"(max-width: 150px) 100vw, 150px\" \/><\/a>\n\t\t\t<\/div><\/figure><figure class='gallery-item'>\n\t\t\t<div class='gallery-icon landscape'>\n\t\t\t\t<a href='https:\/\/bibliotekamoscisko.pl\/?attachment_id=9463'><img loading=\"lazy\" decoding=\"async\" width=\"150\" height=\"150\" src=\"https:\/\/bibliotekamoscisko.pl\/wp-content\/uploads\/2019\/10\/Paszynska8-150x150.jpg\" class=\"attachment-thumbnail size-thumbnail\" alt=\"\" srcset=\"https:\/\/bibliotekamoscisko.pl\/wp-content\/uploads\/2019\/10\/Paszynska8-150x150.jpg 150w, https:\/\/bibliotekamoscisko.pl\/wp-content\/uploads\/2019\/10\/Paszynska8-1x1.jpg 1w\" sizes=\"(max-width: 150px) 100vw, 150px\" \/><\/a>\n\t\t\t<\/div><\/figure><figure class='gallery-item'>\n\t\t\t<div class='gallery-icon landscape'>\n\t\t\t\t<a href='https:\/\/bibliotekamoscisko.pl\/?attachment_id=9464'><img loading=\"lazy\" decoding=\"async\" width=\"150\" height=\"150\" src=\"https:\/\/bibliotekamoscisko.pl\/wp-content\/uploads\/2019\/10\/Paszynska9-150x150.jpg\" class=\"attachment-thumbnail size-thumbnail\" alt=\"\" srcset=\"https:\/\/bibliotekamoscisko.pl\/wp-content\/uploads\/2019\/10\/Paszynska9-150x150.jpg 150w, https:\/\/bibliotekamoscisko.pl\/wp-content\/uploads\/2019\/10\/Paszynska9-2x1.jpg 2w\" sizes=\"(max-width: 150px) 100vw, 150px\" \/><\/a>\n\t\t\t<\/div><\/figure><figure class='gallery-item'>\n\t\t\t<div class='gallery-icon landscape'>\n\t\t\t\t<a href='https:\/\/bibliotekamoscisko.pl\/?attachment_id=9465'><img loading=\"lazy\" decoding=\"async\" width=\"150\" height=\"150\" src=\"https:\/\/bibliotekamoscisko.pl\/wp-content\/uploads\/2019\/10\/Paszynska10-150x150.jpg\" class=\"attachment-thumbnail size-thumbnail\" alt=\"\" srcset=\"https:\/\/bibliotekamoscisko.pl\/wp-content\/uploads\/2019\/10\/Paszynska10-150x150.jpg 150w, https:\/\/bibliotekamoscisko.pl\/wp-content\/uploads\/2019\/10\/Paszynska10-1x1.jpg 1w\" sizes=\"(max-width: 150px) 100vw, 150px\" \/><\/a>\n\t\t\t<\/div><\/figure><figure class='gallery-item'>\n\t\t\t<div class='gallery-icon landscape'>\n\t\t\t\t<a href='https:\/\/bibliotekamoscisko.pl\/?attachment_id=9466'><img loading=\"lazy\" decoding=\"async\" width=\"150\" height=\"150\" src=\"https:\/\/bibliotekamoscisko.pl\/wp-content\/uploads\/2019\/10\/Paszynska11-150x150.jpg\" class=\"attachment-thumbnail size-thumbnail\" alt=\"\" srcset=\"https:\/\/bibliotekamoscisko.pl\/wp-content\/uploads\/2019\/10\/Paszynska11-150x150.jpg 150w, https:\/\/bibliotekamoscisko.pl\/wp-content\/uploads\/2019\/10\/Paszynska11-1x1.jpg 1w\" sizes=\"(max-width: 150px) 100vw, 150px\" \/><\/a>\n\t\t\t<\/div><\/figure><figure class='gallery-item'>\n\t\t\t<div class='gallery-icon landscape'>\n\t\t\t\t<a href='https:\/\/bibliotekamoscisko.pl\/?attachment_id=9467'><img loading=\"lazy\" decoding=\"async\" width=\"150\" height=\"150\" src=\"https:\/\/bibliotekamoscisko.pl\/wp-content\/uploads\/2019\/10\/Paszynska14-150x150.jpg\" class=\"attachment-thumbnail size-thumbnail\" alt=\"\" srcset=\"https:\/\/bibliotekamoscisko.pl\/wp-content\/uploads\/2019\/10\/Paszynska14-150x150.jpg 150w, https:\/\/bibliotekamoscisko.pl\/wp-content\/uploads\/2019\/10\/Paszynska14-2x1.jpg 2w\" sizes=\"(max-width: 150px) 100vw, 150px\" \/><\/a>\n\t\t\t<\/div><\/figure><figure class='gallery-item'>\n\t\t\t<div class='gallery-icon landscape'>\n\t\t\t\t<a href='https:\/\/bibliotekamoscisko.pl\/?attachment_id=9468'><img loading=\"lazy\" decoding=\"async\" width=\"150\" height=\"150\" src=\"https:\/\/bibliotekamoscisko.pl\/wp-content\/uploads\/2019\/10\/Paszynska12-150x150.jpg\" class=\"attachment-thumbnail size-thumbnail\" alt=\"\" srcset=\"https:\/\/bibliotekamoscisko.pl\/wp-content\/uploads\/2019\/10\/Paszynska12-150x150.jpg 150w, https:\/\/bibliotekamoscisko.pl\/wp-content\/uploads\/2019\/10\/Paszynska12-1x1.jpg 1w\" sizes=\"(max-width: 150px) 100vw, 150px\" \/><\/a>\n\t\t\t<\/div><\/figure><figure class='gallery-item'>\n\t\t\t<div class='gallery-icon landscape'>\n\t\t\t\t<a href='https:\/\/bibliotekamoscisko.pl\/?attachment_id=9469'><img loading=\"lazy\" decoding=\"async\" width=\"150\" height=\"150\" src=\"https:\/\/bibliotekamoscisko.pl\/wp-content\/uploads\/2019\/10\/Paszynska13-150x150.jpg\" class=\"attachment-thumbnail size-thumbnail\" alt=\"\" srcset=\"https:\/\/bibliotekamoscisko.pl\/wp-content\/uploads\/2019\/10\/Paszynska13-150x150.jpg 150w, https:\/\/bibliotekamoscisko.pl\/wp-content\/uploads\/2019\/10\/Paszynska13-1x1.jpg 1w\" sizes=\"(max-width: 150px) 100vw, 150px\" \/><\/a>\n\t\t\t<\/div><\/figure>\n\t\t<\/div>\n\n<p>&nbsp;<\/p>\n<p>D.W.<\/p>\n","protected":false},"excerpt":{"rendered":"<p>Jak nale\u017cy rozpocz\u0105\u0107 tydzie\u0144? Oczywi\u015bcie z ksi\u0105\u017ck\u0105 w r\u0119ku! Najlepiej z tak\u0105, kt\u00f3ra dodatkowo wniesie w nasz\u0105 codzienno\u015b\u0107 nieco optymizmu, gar\u015b\u0107 wiedzy i pobudzaj\u0105c wyobra\u017ani\u0119 zach\u0119ci do dalszego poszukiwania \u015blad\u00f3w [&hellip;]<\/p>\n","protected":false},"author":1,"featured_media":0,"comment_status":"closed","ping_status":"open","sticky":false,"template":"","format":"standard","meta":{"ngg_post_thumbnail":0,"footnotes":""},"categories":[1],"tags":[],"class_list":["post-9455","post","type-post","status-publish","format-standard","hentry","category-uncategorized"],"_links":{"self":[{"href":"https:\/\/bibliotekamoscisko.pl\/index.php?rest_route=\/wp\/v2\/posts\/9455","targetHints":{"allow":["GET"]}}],"collection":[{"href":"https:\/\/bibliotekamoscisko.pl\/index.php?rest_route=\/wp\/v2\/posts"}],"about":[{"href":"https:\/\/bibliotekamoscisko.pl\/index.php?rest_route=\/wp\/v2\/types\/post"}],"author":[{"embeddable":true,"href":"https:\/\/bibliotekamoscisko.pl\/index.php?rest_route=\/wp\/v2\/users\/1"}],"replies":[{"embeddable":true,"href":"https:\/\/bibliotekamoscisko.pl\/index.php?rest_route=%2Fwp%2Fv2%2Fcomments&post=9455"}],"version-history":[{"count":11,"href":"https:\/\/bibliotekamoscisko.pl\/index.php?rest_route=\/wp\/v2\/posts\/9455\/revisions"}],"predecessor-version":[{"id":9489,"href":"https:\/\/bibliotekamoscisko.pl\/index.php?rest_route=\/wp\/v2\/posts\/9455\/revisions\/9489"}],"wp:attachment":[{"href":"https:\/\/bibliotekamoscisko.pl\/index.php?rest_route=%2Fwp%2Fv2%2Fmedia&parent=9455"}],"wp:term":[{"taxonomy":"category","embeddable":true,"href":"https:\/\/bibliotekamoscisko.pl\/index.php?rest_route=%2Fwp%2Fv2%2Fcategories&post=9455"},{"taxonomy":"post_tag","embeddable":true,"href":"https:\/\/bibliotekamoscisko.pl\/index.php?rest_route=%2Fwp%2Fv2%2Ftags&post=9455"}],"curies":[{"name":"wp","href":"https:\/\/api.w.org\/{rel}","templated":true}]}}