{"id":9485,"date":"2019-10-15T13:03:22","date_gmt":"2019-10-15T13:03:22","guid":{"rendered":"http:\/\/bibliotekamoscisko.pl\/?p=9485"},"modified":"2019-10-15T13:03:22","modified_gmt":"2019-10-15T13:03:22","slug":"europejski-tydzien-kodowania-2","status":"publish","type":"post","link":"https:\/\/bibliotekamoscisko.pl\/?p=9485","title":{"rendered":"Europejski Tydzie\u0144 Kodowania"},"content":{"rendered":"<h2 style=\"text-align: center;\">Europejski Tydzie\u0144 Kodowania 5-20 pa\u017adziernika 2019 r.<\/h2>\n<h2 style=\"text-align: center;\">Masz 5, 15 lub 55 lat?<br \/>\nChcesz rozpocz\u0105\u0107 lub kontynuowa\u0107 przygod\u0119 z programowaniem? Zapraszamy do biblioteki w Uciechowie w godz od 13.00 do 16.00!<\/h2>\n<p><a href=\"http:\/\/bibliotekamoscisko.pl\/wp-content\/uploads\/2019\/10\/CODEWEEK-2019-ulotka-druk_final-1-e1571144464150.jpg\"><img fetchpriority=\"high\" decoding=\"async\" class=\"aligncenter size-full wp-image-9486\" src=\"http:\/\/bibliotekamoscisko.pl\/wp-content\/uploads\/2019\/10\/CODEWEEK-2019-ulotka-druk_final-1-e1571144464150.jpg\" alt=\"\" width=\"1683\" height=\"808\" srcset=\"https:\/\/bibliotekamoscisko.pl\/wp-content\/uploads\/2019\/10\/CODEWEEK-2019-ulotka-druk_final-1-e1571144464150.jpg 1683w, https:\/\/bibliotekamoscisko.pl\/wp-content\/uploads\/2019\/10\/CODEWEEK-2019-ulotka-druk_final-1-e1571144464150-300x144.jpg 300w, https:\/\/bibliotekamoscisko.pl\/wp-content\/uploads\/2019\/10\/CODEWEEK-2019-ulotka-druk_final-1-e1571144464150-768x369.jpg 768w, https:\/\/bibliotekamoscisko.pl\/wp-content\/uploads\/2019\/10\/CODEWEEK-2019-ulotka-druk_final-1-e1571144464150-1024x492.jpg 1024w, https:\/\/bibliotekamoscisko.pl\/wp-content\/uploads\/2019\/10\/CODEWEEK-2019-ulotka-druk_final-1-e1571144464150-2x1.jpg 2w\" sizes=\"(max-width: 1683px) 100vw, 1683px\" \/><\/a><\/p>\n","protected":false},"excerpt":{"rendered":"<p>Europejski Tydzie\u0144 Kodowania 5-20 pa\u017adziernika 2019 r. Masz 5, 15 lub 55 lat? Chcesz rozpocz\u0105\u0107 lub kontynuowa\u0107 przygod\u0119 z programowaniem? Zapraszamy do biblioteki w Uciechowie w godz od 13.00 do [&hellip;]<\/p>\n","protected":false},"author":1,"featured_media":0,"comment_status":"closed","ping_status":"open","sticky":false,"template":"","format":"standard","meta":{"ngg_post_thumbnail":0,"footnotes":""},"categories":[1],"tags":[],"class_list":["post-9485","post","type-post","status-publish","format-standard","hentry","category-uncategorized"],"_links":{"self":[{"href":"https:\/\/bibliotekamoscisko.pl\/index.php?rest_route=\/wp\/v2\/posts\/9485","targetHints":{"allow":["GET"]}}],"collection":[{"href":"https:\/\/bibliotekamoscisko.pl\/index.php?rest_route=\/wp\/v2\/posts"}],"about":[{"href":"https:\/\/bibliotekamoscisko.pl\/index.php?rest_route=\/wp\/v2\/types\/post"}],"author":[{"embeddable":true,"href":"https:\/\/bibliotekamoscisko.pl\/index.php?rest_route=\/wp\/v2\/users\/1"}],"replies":[{"embeddable":true,"href":"https:\/\/bibliotekamoscisko.pl\/index.php?rest_route=%2Fwp%2Fv2%2Fcomments&post=9485"}],"version-history":[{"count":2,"href":"https:\/\/bibliotekamoscisko.pl\/index.php?rest_route=\/wp\/v2\/posts\/9485\/revisions"}],"predecessor-version":[{"id":9488,"href":"https:\/\/bibliotekamoscisko.pl\/index.php?rest_route=\/wp\/v2\/posts\/9485\/revisions\/9488"}],"wp:attachment":[{"href":"https:\/\/bibliotekamoscisko.pl\/index.php?rest_route=%2Fwp%2Fv2%2Fmedia&parent=9485"}],"wp:term":[{"taxonomy":"category","embeddable":true,"href":"https:\/\/bibliotekamoscisko.pl\/index.php?rest_route=%2Fwp%2Fv2%2Fcategories&post=9485"},{"taxonomy":"post_tag","embeddable":true,"href":"https:\/\/bibliotekamoscisko.pl\/index.php?rest_route=%2Fwp%2Fv2%2Ftags&post=9485"}],"curies":[{"name":"wp","href":"https:\/\/api.w.org\/{rel}","templated":true}]}}