{"id":956,"date":"2014-10-23T08:29:46","date_gmt":"2014-10-23T08:29:46","guid":{"rendered":"http:\/\/bibliotekamoscisko.pl\/?p=956"},"modified":"2014-10-28T15:05:12","modified_gmt":"2014-10-28T15:05:12","slug":"moj-przyjaciel-mis-puchatek","status":"publish","type":"post","link":"https:\/\/bibliotekamoscisko.pl\/?p=956","title":{"rendered":"M\u00f3j przyjaciel &#8211; Mi\u015b Puchatek"},"content":{"rendered":"<p>20.X.2014 \u2013 w po\u0142owie pa\u017adziernika, 88 lat temu pojawi\u0142a si\u0119 ksi\u0105\u017cka A.A. Milne \u201eKubu\u015b Puchatek\u201d. Do dnia dzisiejszego ta m\u0105dra ksi\u0105\u017ceczka jest przekazem dla doros\u0142ych, bawi i uczy dzieci.<\/p>\n<div id='gallery-1' class='gallery galleryid-956 gallery-columns-3 gallery-size-thumbnail'><figure class='gallery-item'>\n\t\t\t<div class='gallery-icon landscape'>\n\t\t\t\t<a href='https:\/\/bibliotekamoscisko.pl\/?attachment_id=957'><img decoding=\"async\" width=\"150\" height=\"150\" src=\"https:\/\/bibliotekamoscisko.pl\/wp-content\/uploads\/2014\/10\/IMG_1604-150x150.jpeg\" class=\"attachment-thumbnail size-thumbnail\" alt=\"\" \/><\/a>\n\t\t\t<\/div><\/figure><figure class='gallery-item'>\n\t\t\t<div class='gallery-icon landscape'>\n\t\t\t\t<a href='https:\/\/bibliotekamoscisko.pl\/?attachment_id=963'><img decoding=\"async\" width=\"150\" height=\"150\" src=\"https:\/\/bibliotekamoscisko.pl\/wp-content\/uploads\/2014\/10\/IMG_1631-150x150.jpeg\" class=\"attachment-thumbnail size-thumbnail\" alt=\"\" \/><\/a>\n\t\t\t<\/div><\/figure>\n\t\t<\/div>\n\n<p>Najm\u0142odsze dzieci, z pi\u0142awskiego przedszkola przysz\u0142y do biblioteki, ze swoimi pluszowymi przyjaci\u00f3\u0142mi i opiekunami, wychowawc\u0105 Renat\u0105 Kajkowsk\u0105 i pani\u0105 Iren\u0105 Cicho\u0144. Wys\u0142uchali\u015bmy fragmentu ksi\u0105\u017cki, dzieci odgrywa\u0142y scenki jak to misie wspinaj\u0105 si\u0119 na drzewo po miodek, wylizuj\u0105 mi\u00f3d z dzbanka, p\u00f3\u017aniej uciekaj\u0105 przed rojem pszcz\u00f3\u0142, aby zako\u0144czy\u0107 scenk\u0119 ta\u0144cem weso\u0142ych misi. Malowali\u015bmy na kartkach \u201emisiowe portrety\u201d. Jak to bywa na urodzinkach, by\u0142o \u201ema\u0142e co nieco\u201d, z od\u015bpiewaniem dla Kubusia Puchatka 100 lat.<\/p>\n<p>Dzi\u0119kuje za wsp\u00f3ln\u0105 zabaw\u0119.<\/p>\n<p>Wanda Kun<\/p>\n","protected":false},"excerpt":{"rendered":"<p>20.X.2014 \u2013 w po\u0142owie pa\u017adziernika, 88 lat temu pojawi\u0142a si\u0119 ksi\u0105\u017cka A.A. Milne \u201eKubu\u015b Puchatek\u201d. Do dnia dzisiejszego ta m\u0105dra ksi\u0105\u017ceczka jest przekazem dla doros\u0142ych, bawi i uczy dzieci. Najm\u0142odsze [&hellip;]<\/p>\n","protected":false},"author":1,"featured_media":0,"comment_status":"closed","ping_status":"open","sticky":false,"template":"","format":"standard","meta":{"ngg_post_thumbnail":0,"footnotes":""},"categories":[1],"tags":[],"class_list":["post-956","post","type-post","status-publish","format-standard","hentry","category-uncategorized"],"_links":{"self":[{"href":"https:\/\/bibliotekamoscisko.pl\/index.php?rest_route=\/wp\/v2\/posts\/956","targetHints":{"allow":["GET"]}}],"collection":[{"href":"https:\/\/bibliotekamoscisko.pl\/index.php?rest_route=\/wp\/v2\/posts"}],"about":[{"href":"https:\/\/bibliotekamoscisko.pl\/index.php?rest_route=\/wp\/v2\/types\/post"}],"author":[{"embeddable":true,"href":"https:\/\/bibliotekamoscisko.pl\/index.php?rest_route=\/wp\/v2\/users\/1"}],"replies":[{"embeddable":true,"href":"https:\/\/bibliotekamoscisko.pl\/index.php?rest_route=%2Fwp%2Fv2%2Fcomments&post=956"}],"version-history":[{"count":1,"href":"https:\/\/bibliotekamoscisko.pl\/index.php?rest_route=\/wp\/v2\/posts\/956\/revisions"}],"predecessor-version":[{"id":966,"href":"https:\/\/bibliotekamoscisko.pl\/index.php?rest_route=\/wp\/v2\/posts\/956\/revisions\/966"}],"wp:attachment":[{"href":"https:\/\/bibliotekamoscisko.pl\/index.php?rest_route=%2Fwp%2Fv2%2Fmedia&parent=956"}],"wp:term":[{"taxonomy":"category","embeddable":true,"href":"https:\/\/bibliotekamoscisko.pl\/index.php?rest_route=%2Fwp%2Fv2%2Fcategories&post=956"},{"taxonomy":"post_tag","embeddable":true,"href":"https:\/\/bibliotekamoscisko.pl\/index.php?rest_route=%2Fwp%2Fv2%2Ftags&post=956"}],"curies":[{"name":"wp","href":"https:\/\/api.w.org\/{rel}","templated":true}]}}