{"id":9562,"date":"2019-11-07T12:13:26","date_gmt":"2019-11-07T12:13:26","guid":{"rendered":"http:\/\/bibliotekamoscisko.pl\/?p=9562"},"modified":"2019-11-07T12:13:26","modified_gmt":"2019-11-07T12:13:26","slug":"wspomnienia-ktore-bola-i-jak-sobie-z-nimi-radzic","status":"publish","type":"post","link":"https:\/\/bibliotekamoscisko.pl\/?p=9562","title":{"rendered":"Wspomnienia, kt\u00f3re bol\u0105 i jak sobie z nimi radzi\u0107 &#8230;"},"content":{"rendered":"<p style=\"text-align: center;\">Listopad jest miesi\u0105cem refleksji i zadumy. Wspominamy tych, kt\u00f3rzy odeszli&#8230;<\/p>\n<p>Terapeutyczna ksi\u0105\u017cka K.F. Aakeson i E. Eriksson pt<em>. Esben i duch dziadka <\/em>w pi\u0119kny i prosty spos\u00f3b pokaza\u0142a uczniom klasy trzeciej jak pogodzi\u0107 si\u0119 z utrat\u0105 najbli\u017cszej osoby. Rozmowy z dzie\u0107mi o prze\u017cyciach zwi\u0105zanych z utrat\u0105 bliskich wzbudzi\u0142y silne emocje, wzruszenia i refleksje. Lena stwierdzi\u0142a:\u00a0<em>ta ksi\u0105\u017cka jest pe\u0142na uczu\u0107,<\/em>\u00a0wed\u0142ug Wojtka: <em>jest smutna i zmusza do my\u015blenia,\u00a0 a poprzez \u015bmieszne teksty poprawia nastr\u00f3j. <\/em>Zosia niezwykle trafnie podsumowa\u0142a dyskusj\u0119 m\u00f3wi\u0105c: <em>interesuj\u0105ce po\u0142\u0105czenie smutku i rado\u015bci.<\/em><\/p>\n<p><a href=\"http:\/\/bibliotekamoscisko.pl\/wp-content\/uploads\/2019\/11\/DSC_0546.jpg\"><img fetchpriority=\"high\" decoding=\"async\" class=\"aligncenter size-full wp-image-9563\" src=\"http:\/\/bibliotekamoscisko.pl\/wp-content\/uploads\/2019\/11\/DSC_0546.jpg\" alt=\"\" width=\"800\" height=\"615\" srcset=\"https:\/\/bibliotekamoscisko.pl\/wp-content\/uploads\/2019\/11\/DSC_0546.jpg 800w, https:\/\/bibliotekamoscisko.pl\/wp-content\/uploads\/2019\/11\/DSC_0546-300x231.jpg 300w, https:\/\/bibliotekamoscisko.pl\/wp-content\/uploads\/2019\/11\/DSC_0546-768x590.jpg 768w, https:\/\/bibliotekamoscisko.pl\/wp-content\/uploads\/2019\/11\/DSC_0546-1x1.jpg 1w\" sizes=\"(max-width: 800px) 100vw, 800px\" \/><\/a><\/p>\n<p>Nasze spotkanie w Ostroszowicach by\u0142o wyj\u0105tkowe. Dzieci dostrzeg\u0142y warto\u015b\u0107 ksi\u0105\u017cki, kt\u00f3ra nie tylko uczy ale tak\u017ce pomaga oswoi\u0107 emocje. Co wi\u0119cej, pokazuje jak sobie radzi\u0107 w trudnych sytuacjach.<\/p>\n<p><a href=\"http:\/\/bibliotekamoscisko.pl\/wp-content\/uploads\/2019\/11\/DSC_0549.jpg\"><img decoding=\"async\" class=\"aligncenter size-medium wp-image-9564\" src=\"http:\/\/bibliotekamoscisko.pl\/wp-content\/uploads\/2019\/11\/DSC_0549-178x300.jpg\" alt=\"\" width=\"178\" height=\"300\" srcset=\"https:\/\/bibliotekamoscisko.pl\/wp-content\/uploads\/2019\/11\/DSC_0549-178x300.jpg 178w, https:\/\/bibliotekamoscisko.pl\/wp-content\/uploads\/2019\/11\/DSC_0549-1x1.jpg 1w, https:\/\/bibliotekamoscisko.pl\/wp-content\/uploads\/2019\/11\/DSC_0549.jpg 475w\" sizes=\"(max-width: 178px) 100vw, 178px\" \/><\/a><\/p>\n<p>Maria Kirkiewicz<\/p>\n","protected":false},"excerpt":{"rendered":"<p>Listopad jest miesi\u0105cem refleksji i zadumy. Wspominamy tych, kt\u00f3rzy odeszli&#8230; Terapeutyczna ksi\u0105\u017cka K.F. Aakeson i E. Eriksson pt. Esben i duch dziadka w pi\u0119kny i prosty spos\u00f3b pokaza\u0142a uczniom klasy [&hellip;]<\/p>\n","protected":false},"author":1,"featured_media":0,"comment_status":"closed","ping_status":"open","sticky":false,"template":"","format":"standard","meta":{"ngg_post_thumbnail":0,"footnotes":""},"categories":[1],"tags":[],"class_list":["post-9562","post","type-post","status-publish","format-standard","hentry","category-uncategorized"],"_links":{"self":[{"href":"https:\/\/bibliotekamoscisko.pl\/index.php?rest_route=\/wp\/v2\/posts\/9562","targetHints":{"allow":["GET"]}}],"collection":[{"href":"https:\/\/bibliotekamoscisko.pl\/index.php?rest_route=\/wp\/v2\/posts"}],"about":[{"href":"https:\/\/bibliotekamoscisko.pl\/index.php?rest_route=\/wp\/v2\/types\/post"}],"author":[{"embeddable":true,"href":"https:\/\/bibliotekamoscisko.pl\/index.php?rest_route=\/wp\/v2\/users\/1"}],"replies":[{"embeddable":true,"href":"https:\/\/bibliotekamoscisko.pl\/index.php?rest_route=%2Fwp%2Fv2%2Fcomments&post=9562"}],"version-history":[{"count":1,"href":"https:\/\/bibliotekamoscisko.pl\/index.php?rest_route=\/wp\/v2\/posts\/9562\/revisions"}],"predecessor-version":[{"id":9565,"href":"https:\/\/bibliotekamoscisko.pl\/index.php?rest_route=\/wp\/v2\/posts\/9562\/revisions\/9565"}],"wp:attachment":[{"href":"https:\/\/bibliotekamoscisko.pl\/index.php?rest_route=%2Fwp%2Fv2%2Fmedia&parent=9562"}],"wp:term":[{"taxonomy":"category","embeddable":true,"href":"https:\/\/bibliotekamoscisko.pl\/index.php?rest_route=%2Fwp%2Fv2%2Fcategories&post=9562"},{"taxonomy":"post_tag","embeddable":true,"href":"https:\/\/bibliotekamoscisko.pl\/index.php?rest_route=%2Fwp%2Fv2%2Ftags&post=9562"}],"curies":[{"name":"wp","href":"https:\/\/api.w.org\/{rel}","templated":true}]}}