{"id":9659,"date":"2019-11-20T10:03:19","date_gmt":"2019-11-20T10:03:19","guid":{"rendered":"http:\/\/bibliotekamoscisko.pl\/?p=9659"},"modified":"2019-11-20T10:10:23","modified_gmt":"2019-11-20T10:10:23","slug":"czas-na-wyprawe-bez-berla-i-korony","status":"publish","type":"post","link":"https:\/\/bibliotekamoscisko.pl\/?p=9659","title":{"rendered":"Czas na wypraw\u0119 bez ber\u0142a i korony"},"content":{"rendered":"<p>Pisanie ksi\u0105\u017cek dla dzieci mo\u017ce by\u0107 \u015bwietn\u0105 zabaw\u0105 o czym przekonywa\u0142 nas podczas swojej wizyty 19 listopada\u00a0\u00a0 w Bibliotece Publicznej Gminy Dzier\u017coni\u00f3w im. <a href=\"http:\/\/bibliotekamoscisko.pl\/wp-content\/uploads\/2019\/11\/niekrol015.jpg\"><img fetchpriority=\"high\" decoding=\"async\" class=\"alignright wp-image-9670 size-medium\" src=\"http:\/\/bibliotekamoscisko.pl\/wp-content\/uploads\/2019\/11\/niekrol015-200x300.jpg\" alt=\"\" width=\"200\" height=\"300\" srcset=\"https:\/\/bibliotekamoscisko.pl\/wp-content\/uploads\/2019\/11\/niekrol015-200x300.jpg 200w, https:\/\/bibliotekamoscisko.pl\/wp-content\/uploads\/2019\/11\/niekrol015.jpg 683w, https:\/\/bibliotekamoscisko.pl\/wp-content\/uploads\/2019\/11\/niekrol015-1x1.jpg 1w\" sizes=\"(max-width: 200px) 100vw, 200px\" \/><\/a>W\u0142adys\u0142awa Reymonta <strong>Krzysztof P\u0142awecki<\/strong>. Autor ksi\u0105\u017cki \u201eNiekr\u00f3lewska wyprawa\u201d zaprosi\u0142 dzieci z Zespo\u0142u Szkolno-Przedszkolnego w Mo\u015bcisku oraz ze Szko\u0142y Podstawowej im. Jana Paw\u0142a II w Tuszynie do aktywnego udzia\u0142u w spotkaniu. Nuda zosta\u0142a za drzwiami! M\u0142odzi czytelnicy poznali postaci z ksi\u0105\u017cki, docenili pi\u0119kne ilustracje autorstwa Katarzyny Winkler i wykazali si\u0119 spor\u0105 wiedz\u0105 na temat \u015bredniowiecza. Wielu z nich zainteresowa\u0142a praca ilustratora. Posz\u0142y wi\u0119c w ruch kredki i na kolorowych kartkach powsta\u0142y arcyciekawe ilustracje zwi\u0105zane z ksi\u0105\u017ck\u0105. \u00a0\u00a0\u00a0\u00a0\u00a0\u00a0\u00a0\u00a0\u00a0\u00a0\u00a0\u00a0\u00a0\u00a0\u00a0\u00a0\u00a0\u00a0\u00a0\u00a0\u00a0\u00a0\u00a0\u00a0\u00a0\u00a0\u00a0 \u00a0\u00a0\u00a0\u00a0\u00a0\u00a0\u00a0\u00a0\u00a0\u00a0\u00a0\u00a0\u00a0\u00a0\u00a0\u00a0\u00a0\u00a0\u00a0\u00a0\u00a0\u00a0 Autor opowiada\u0142 te\u017c o tym co by\u0142o g\u0142\u00f3wnym powodem powstania \u201eNiekr\u00f3lewskiej wyprawy\u201d i jak wygl\u0105da praca zwi\u0105zana z samodzielnym wydaniem ksi\u0105\u017cki.<\/p>\n<div id='gallery-1' class='gallery galleryid-9659 gallery-columns-3 gallery-size-thumbnail'><figure class='gallery-item'>\n\t\t\t<div class='gallery-icon landscape'>\n\t\t\t\t<a href='https:\/\/bibliotekamoscisko.pl\/?attachment_id=9661'><img decoding=\"async\" width=\"150\" height=\"150\" src=\"https:\/\/bibliotekamoscisko.pl\/wp-content\/uploads\/2019\/11\/niekrol2-150x150.jpg\" class=\"attachment-thumbnail size-thumbnail\" alt=\"\" srcset=\"https:\/\/bibliotekamoscisko.pl\/wp-content\/uploads\/2019\/11\/niekrol2-150x150.jpg 150w, https:\/\/bibliotekamoscisko.pl\/wp-content\/uploads\/2019\/11\/niekrol2-2x1.jpg 2w\" sizes=\"(max-width: 150px) 100vw, 150px\" \/><\/a>\n\t\t\t<\/div><\/figure><figure class='gallery-item'>\n\t\t\t<div class='gallery-icon landscape'>\n\t\t\t\t<a href='https:\/\/bibliotekamoscisko.pl\/?attachment_id=9662'><img decoding=\"async\" width=\"150\" height=\"150\" src=\"https:\/\/bibliotekamoscisko.pl\/wp-content\/uploads\/2019\/11\/niekrol5-150x150.jpg\" class=\"attachment-thumbnail size-thumbnail\" alt=\"\" srcset=\"https:\/\/bibliotekamoscisko.pl\/wp-content\/uploads\/2019\/11\/niekrol5-150x150.jpg 150w, https:\/\/bibliotekamoscisko.pl\/wp-content\/uploads\/2019\/11\/niekrol5-2x1.jpg 2w\" sizes=\"(max-width: 150px) 100vw, 150px\" \/><\/a>\n\t\t\t<\/div><\/figure><figure class='gallery-item'>\n\t\t\t<div class='gallery-icon landscape'>\n\t\t\t\t<a href='https:\/\/bibliotekamoscisko.pl\/?attachment_id=9663'><img loading=\"lazy\" decoding=\"async\" width=\"150\" height=\"150\" src=\"https:\/\/bibliotekamoscisko.pl\/wp-content\/uploads\/2019\/11\/niekrol6-150x150.jpg\" class=\"attachment-thumbnail size-thumbnail\" alt=\"\" srcset=\"https:\/\/bibliotekamoscisko.pl\/wp-content\/uploads\/2019\/11\/niekrol6-150x150.jpg 150w, https:\/\/bibliotekamoscisko.pl\/wp-content\/uploads\/2019\/11\/niekrol6-1x1.jpg 1w\" sizes=\"(max-width: 150px) 100vw, 150px\" \/><\/a>\n\t\t\t<\/div><\/figure><figure class='gallery-item'>\n\t\t\t<div class='gallery-icon landscape'>\n\t\t\t\t<a href='https:\/\/bibliotekamoscisko.pl\/?attachment_id=9664'><img loading=\"lazy\" decoding=\"async\" width=\"150\" height=\"150\" src=\"https:\/\/bibliotekamoscisko.pl\/wp-content\/uploads\/2019\/11\/niekrol7-150x150.jpg\" class=\"attachment-thumbnail size-thumbnail\" alt=\"\" srcset=\"https:\/\/bibliotekamoscisko.pl\/wp-content\/uploads\/2019\/11\/niekrol7-150x150.jpg 150w, https:\/\/bibliotekamoscisko.pl\/wp-content\/uploads\/2019\/11\/niekrol7-1x1.jpg 1w\" sizes=\"(max-width: 150px) 100vw, 150px\" \/><\/a>\n\t\t\t<\/div><\/figure><figure class='gallery-item'>\n\t\t\t<div class='gallery-icon landscape'>\n\t\t\t\t<a href='https:\/\/bibliotekamoscisko.pl\/?attachment_id=9665'><img loading=\"lazy\" decoding=\"async\" width=\"150\" height=\"150\" src=\"https:\/\/bibliotekamoscisko.pl\/wp-content\/uploads\/2019\/11\/niekrol8-150x150.jpg\" class=\"attachment-thumbnail size-thumbnail\" alt=\"\" srcset=\"https:\/\/bibliotekamoscisko.pl\/wp-content\/uploads\/2019\/11\/niekrol8-150x150.jpg 150w, https:\/\/bibliotekamoscisko.pl\/wp-content\/uploads\/2019\/11\/niekrol8-2x1.jpg 2w\" sizes=\"(max-width: 150px) 100vw, 150px\" \/><\/a>\n\t\t\t<\/div><\/figure><figure class='gallery-item'>\n\t\t\t<div class='gallery-icon landscape'>\n\t\t\t\t<a href='https:\/\/bibliotekamoscisko.pl\/?attachment_id=9666'><img loading=\"lazy\" decoding=\"async\" width=\"150\" height=\"150\" src=\"https:\/\/bibliotekamoscisko.pl\/wp-content\/uploads\/2019\/11\/niekrol010-150x150.jpg\" class=\"attachment-thumbnail size-thumbnail\" alt=\"\" srcset=\"https:\/\/bibliotekamoscisko.pl\/wp-content\/uploads\/2019\/11\/niekrol010-150x150.jpg 150w, https:\/\/bibliotekamoscisko.pl\/wp-content\/uploads\/2019\/11\/niekrol010-1x1.jpg 1w\" sizes=\"(max-width: 150px) 100vw, 150px\" \/><\/a>\n\t\t\t<\/div><\/figure><figure class='gallery-item'>\n\t\t\t<div class='gallery-icon landscape'>\n\t\t\t\t<a href='https:\/\/bibliotekamoscisko.pl\/?attachment_id=9667'><img loading=\"lazy\" decoding=\"async\" width=\"150\" height=\"150\" src=\"https:\/\/bibliotekamoscisko.pl\/wp-content\/uploads\/2019\/11\/niekrol011-150x150.jpg\" class=\"attachment-thumbnail size-thumbnail\" alt=\"\" srcset=\"https:\/\/bibliotekamoscisko.pl\/wp-content\/uploads\/2019\/11\/niekrol011-150x150.jpg 150w, https:\/\/bibliotekamoscisko.pl\/wp-content\/uploads\/2019\/11\/niekrol011-1x1.jpg 1w\" sizes=\"(max-width: 150px) 100vw, 150px\" \/><\/a>\n\t\t\t<\/div><\/figure><figure class='gallery-item'>\n\t\t\t<div class='gallery-icon landscape'>\n\t\t\t\t<a href='https:\/\/bibliotekamoscisko.pl\/?attachment_id=9668'><img loading=\"lazy\" decoding=\"async\" width=\"150\" height=\"150\" src=\"https:\/\/bibliotekamoscisko.pl\/wp-content\/uploads\/2019\/11\/niekrol012-150x150.jpg\" class=\"attachment-thumbnail size-thumbnail\" alt=\"\" srcset=\"https:\/\/bibliotekamoscisko.pl\/wp-content\/uploads\/2019\/11\/niekrol012-150x150.jpg 150w, https:\/\/bibliotekamoscisko.pl\/wp-content\/uploads\/2019\/11\/niekrol012-1x1.jpg 1w\" sizes=\"(max-width: 150px) 100vw, 150px\" \/><\/a>\n\t\t\t<\/div><\/figure><figure class='gallery-item'>\n\t\t\t<div class='gallery-icon landscape'>\n\t\t\t\t<a href='https:\/\/bibliotekamoscisko.pl\/?attachment_id=9669'><img loading=\"lazy\" decoding=\"async\" width=\"150\" height=\"150\" src=\"https:\/\/bibliotekamoscisko.pl\/wp-content\/uploads\/2019\/11\/niekrol013-150x150.jpg\" class=\"attachment-thumbnail size-thumbnail\" alt=\"\" srcset=\"https:\/\/bibliotekamoscisko.pl\/wp-content\/uploads\/2019\/11\/niekrol013-150x150.jpg 150w, https:\/\/bibliotekamoscisko.pl\/wp-content\/uploads\/2019\/11\/niekrol013-1x1.jpg 1w\" sizes=\"(max-width: 150px) 100vw, 150px\" \/><\/a>\n\t\t\t<\/div><\/figure><figure class='gallery-item'>\n\t\t\t<div class='gallery-icon landscape'>\n\t\t\t\t<a href='https:\/\/bibliotekamoscisko.pl\/?attachment_id=9671'><img loading=\"lazy\" decoding=\"async\" width=\"150\" height=\"150\" src=\"https:\/\/bibliotekamoscisko.pl\/wp-content\/uploads\/2019\/11\/niekrolM-150x150.jpg\" class=\"attachment-thumbnail size-thumbnail\" alt=\"\" srcset=\"https:\/\/bibliotekamoscisko.pl\/wp-content\/uploads\/2019\/11\/niekrolM-150x150.jpg 150w, https:\/\/bibliotekamoscisko.pl\/wp-content\/uploads\/2019\/11\/niekrolM-1x1.jpg 1w\" sizes=\"(max-width: 150px) 100vw, 150px\" \/><\/a>\n\t\t\t<\/div><\/figure><figure class='gallery-item'>\n\t\t\t<div class='gallery-icon landscape'>\n\t\t\t\t<a href='https:\/\/bibliotekamoscisko.pl\/?attachment_id=9672'><img loading=\"lazy\" decoding=\"async\" width=\"150\" height=\"150\" src=\"https:\/\/bibliotekamoscisko.pl\/wp-content\/uploads\/2019\/11\/niekrolM2-150x150.jpg\" class=\"attachment-thumbnail size-thumbnail\" alt=\"\" srcset=\"https:\/\/bibliotekamoscisko.pl\/wp-content\/uploads\/2019\/11\/niekrolM2-150x150.jpg 150w, https:\/\/bibliotekamoscisko.pl\/wp-content\/uploads\/2019\/11\/niekrolM2-1x1.jpg 1w\" sizes=\"(max-width: 150px) 100vw, 150px\" \/><\/a>\n\t\t\t<\/div><\/figure><figure class='gallery-item'>\n\t\t\t<div class='gallery-icon landscape'>\n\t\t\t\t<a href='https:\/\/bibliotekamoscisko.pl\/?attachment_id=9673'><img loading=\"lazy\" decoding=\"async\" width=\"150\" height=\"150\" src=\"https:\/\/bibliotekamoscisko.pl\/wp-content\/uploads\/2019\/11\/niekrolTu-150x150.jpg\" class=\"attachment-thumbnail size-thumbnail\" alt=\"\" srcset=\"https:\/\/bibliotekamoscisko.pl\/wp-content\/uploads\/2019\/11\/niekrolTu-150x150.jpg 150w, https:\/\/bibliotekamoscisko.pl\/wp-content\/uploads\/2019\/11\/niekrolTu-1x1.jpg 1w\" sizes=\"(max-width: 150px) 100vw, 150px\" \/><\/a>\n\t\t\t<\/div><\/figure>\n\t\t<\/div>\n\n<p>&nbsp;<\/p>\n<p>Ka\u017cdy uczestnik spotkania otrzyma\u0142 zak\u0142adk\u0119 do ksi\u0105\u017cki i m\u00f3g\u0142 poprosi\u0107 o pami\u0105tkowy autograf na niej.\u00a0\u00a0\u00a0\u00a0\u00a0\u00a0\u00a0\u00a0\u00a0\u00a0\u00a0\u00a0\u00a0\u00a0\u00a0\u00a0\u00a0\u00a0\u00a0\u00a0\u00a0\u00a0\u00a0\u00a0\u00a0\u00a0\u00a0\u00a0\u00a0\u00a0\u00a0\u00a0\u00a0\u00a0\u00a0\u00a0\u00a0\u00a0\u00a0\u00a0\u00a0\u00a0\u00a0\u00a0\u00a0\u00a0\u00a0\u00a0\u00a0\u00a0\u00a0\u00a0\u00a0\u00a0\u00a0\u00a0\u00a0\u00a0\u00a0\u00a0\u00a0\u00a0\u00a0\u00a0\u00a0\u00a0\u00a0\u00a0\u00a0\u00a0\u00a0\u00a0\u00a0\u00a0\u00a0\u00a0\u00a0\u00a0 \u00a0 \u00a0 \u00a0 \u00a0 \u00a0 \u00a0 \u00a0 \u00a0 \u00a0 \u00a0 \u00a0 \u00a0 \u00a0 \u00a0 \u00a0 \u00a0 \u00a0 \u00a0 \u00a0 \u00a0 \u00a0 \u00a0 \u00a0 \u00a0 \u00a0 \u00a0 \u00a0 \u00a0 \u00a0 \u00a0 \u00a0 \u00a0 \u00a0 \u00a0 \u00a0 \u00a0 \u00a0 \u00a0 \u00a0 \u00a0 \u00a0 \u00a0 \u00a0 \u00a0 \u00a0 \u00a0 \u00a0 \u00a0 \u00a0 \u00a0 \u00a0 \u00a0 \u00a0 \u00a0 \u00a0 \u00a0 \u00a0 \u00a0 \u00a0 \u00a0 \u00a0 \u00a0 \u00a0 \u00a0 \u00a0 \u00a0 Szesnastozg\u0142oskowa opowie\u015b\u0107 wzbudzi\u0142a spore zainteresowanie. Znalaz\u0142a si\u0119 te\u017c \u015bmia\u0142a m\u0142oda osoba, kt\u00f3ra przeczyta\u0142a nam fragment na g\u0142os! Przypominamy wi\u0119c, \u017ce ju\u017c nied\u0142ugo ta niezwyk\u0142a pozycja b\u0119dzie dost\u0119pna we wszystkich filiach naszej biblioteki. Dok\u0105d dotrze kr\u00f3l i co spotka go na ko\u0144cu drogi? Zapraszamy do samodzielnego sprawdzenia jak potoczy\u0142y si\u0119 losy kr\u00f3la Jana!<\/p>\n<p style=\"text-align: center;\"><a href=\"http:\/\/bibliotekamoscisko.pl\/wp-content\/uploads\/2014\/10\/dkk.jpg\"><img loading=\"lazy\" decoding=\"async\" class=\"aligncenter size-full wp-image-886\" src=\"http:\/\/bibliotekamoscisko.pl\/wp-content\/uploads\/2014\/10\/dkk.jpg\" alt=\"\" width=\"405\" height=\"124\" srcset=\"https:\/\/bibliotekamoscisko.pl\/wp-content\/uploads\/2014\/10\/dkk.jpg 405w, https:\/\/bibliotekamoscisko.pl\/wp-content\/uploads\/2014\/10\/dkk-300x91.jpg 300w\" sizes=\"(max-width: 405px) 100vw, 405px\" \/><\/a>Spotkanie dofinansowane w ramach Dyskusyjnego Klubu Ksi\u0105\u017cki.<\/p>\n<p>D.W.<\/p>\n","protected":false},"excerpt":{"rendered":"<p>Pisanie ksi\u0105\u017cek dla dzieci mo\u017ce by\u0107 \u015bwietn\u0105 zabaw\u0105 o czym przekonywa\u0142 nas podczas swojej wizyty 19 listopada\u00a0\u00a0 w Bibliotece Publicznej Gminy Dzier\u017coni\u00f3w im. W\u0142adys\u0142awa Reymonta Krzysztof P\u0142awecki. Autor ksi\u0105\u017cki \u201eNiekr\u00f3lewska [&hellip;]<\/p>\n","protected":false},"author":1,"featured_media":0,"comment_status":"closed","ping_status":"open","sticky":false,"template":"","format":"standard","meta":{"ngg_post_thumbnail":0,"footnotes":""},"categories":[1],"tags":[],"class_list":["post-9659","post","type-post","status-publish","format-standard","hentry","category-uncategorized"],"_links":{"self":[{"href":"https:\/\/bibliotekamoscisko.pl\/index.php?rest_route=\/wp\/v2\/posts\/9659","targetHints":{"allow":["GET"]}}],"collection":[{"href":"https:\/\/bibliotekamoscisko.pl\/index.php?rest_route=\/wp\/v2\/posts"}],"about":[{"href":"https:\/\/bibliotekamoscisko.pl\/index.php?rest_route=\/wp\/v2\/types\/post"}],"author":[{"embeddable":true,"href":"https:\/\/bibliotekamoscisko.pl\/index.php?rest_route=\/wp\/v2\/users\/1"}],"replies":[{"embeddable":true,"href":"https:\/\/bibliotekamoscisko.pl\/index.php?rest_route=%2Fwp%2Fv2%2Fcomments&post=9659"}],"version-history":[{"count":11,"href":"https:\/\/bibliotekamoscisko.pl\/index.php?rest_route=\/wp\/v2\/posts\/9659\/revisions"}],"predecessor-version":[{"id":9683,"href":"https:\/\/bibliotekamoscisko.pl\/index.php?rest_route=\/wp\/v2\/posts\/9659\/revisions\/9683"}],"wp:attachment":[{"href":"https:\/\/bibliotekamoscisko.pl\/index.php?rest_route=%2Fwp%2Fv2%2Fmedia&parent=9659"}],"wp:term":[{"taxonomy":"category","embeddable":true,"href":"https:\/\/bibliotekamoscisko.pl\/index.php?rest_route=%2Fwp%2Fv2%2Fcategories&post=9659"},{"taxonomy":"post_tag","embeddable":true,"href":"https:\/\/bibliotekamoscisko.pl\/index.php?rest_route=%2Fwp%2Fv2%2Ftags&post=9659"}],"curies":[{"name":"wp","href":"https:\/\/api.w.org\/{rel}","templated":true}]}}