{"id":9700,"date":"2019-11-22T15:22:05","date_gmt":"2019-11-22T15:22:05","guid":{"rendered":"http:\/\/bibliotekamoscisko.pl\/?p=9700"},"modified":"2019-11-22T15:22:05","modified_gmt":"2019-11-22T15:22:05","slug":"w-krainie-ognia-dzien-wulkanow-w-bibliotece","status":"publish","type":"post","link":"https:\/\/bibliotekamoscisko.pl\/?p=9700","title":{"rendered":"W Krainie Ognia. Dzie\u0144 Wulkan\u00f3w w bibliotece!"},"content":{"rendered":"<p>Trzecia klasa w dniu 15 listopada kontynuowa\u0142a cykl zaj\u0119\u0107 dotycz\u0105cych zjawisk przyrodniczych w Ostroszowicach!\u00a0Otoczeni ksi\u0105\u017ckami postanowili\u015bmy pozna\u0107 histori\u0119 ognia, a tak\u017ce zg\u0142\u0119bi\u0107 wiedz\u0119 o pochodzeniu ziej\u0105cych \u017carem sto\u017ckowatych gejzer\u00f3w i wulkan\u00f3w.\u00a0Burza m\u00f3zg\u00f3w dotycz\u0105ca tego z czym kojarzymy ogie\u0144 pokaza\u0142a ogromn\u0105 wiedz\u0119 ma\u0142ych eksplorator\u00f3w. Ogie\u0144 wed\u0142ug uczni\u00f3w to:\u00a0wysoka temperatura, po\u017car, \u015bwiat\u0142o, dym, ocieplanie, piek\u0142o, \u015bwiat\u0142o,\u00a0 lawa, pozytywna energia.\u00a0Najbardziej jednak burzliwa dyskusja dotyczy\u0142a wulkan\u00f3w.\u00a0<a href=\"http:\/\/bibliotekamoscisko.pl\/wp-content\/uploads\/2019\/11\/wulkan.jpg\"><img fetchpriority=\"high\" decoding=\"async\" class=\"alignright size-medium wp-image-9701\" src=\"http:\/\/bibliotekamoscisko.pl\/wp-content\/uploads\/2019\/11\/wulkan-300x200.jpg\" alt=\"\" width=\"300\" height=\"200\" srcset=\"https:\/\/bibliotekamoscisko.pl\/wp-content\/uploads\/2019\/11\/wulkan-300x200.jpg 300w, https:\/\/bibliotekamoscisko.pl\/wp-content\/uploads\/2019\/11\/wulkan-768x513.jpg 768w, https:\/\/bibliotekamoscisko.pl\/wp-content\/uploads\/2019\/11\/wulkan-1x1.jpg 1w, https:\/\/bibliotekamoscisko.pl\/wp-content\/uploads\/2019\/11\/wulkan.jpg 960w\" sizes=\"(max-width: 300px) 100vw, 300px\" \/><\/a><\/p>\n<p>W ksi\u0105\u017cce <em>Ma\u0142y Ksi\u0105\u017c\u0119<\/em> jest taki opis dotycz\u0105cy zastosowania wulkan\u00f3w: <em>Rano przed odjazdem uporz\u0105dkowa\u0142 dok\u0142adnie planet\u0119. Pieczo\u0142owicie przeczy\u015bci\u0142 wszystkie wulkany. Mia\u0142 dwa czynne wulkany. To si\u0119 bardzo przydaje do podgrzewania \u015bniada\u0144. Mia\u0142 te\u017c jeden wulkan wygas\u0142y. Poniewa\u017c powtarza\u0142 zwykle: <\/em><em>&#8211; Nic nigdy nie wiadomo &#8211; wi\u0119c przeczy\u015bci\u0142 tak\u017ce wygas\u0142y wulkan. Je\u015bli wulkany s\u0105 dobrze przeczyszczone, pal\u0105 si\u0119 powoli i r\u00f3wno, bez wybuch\u00f3w. Wybuchy wulkan\u00f3w s\u0105 tym, czym zapalenie sadzy w kominie. Oczywi\u015bcie my, na naszej Ziemi, jeste\u015bmy za mali, aby przeczyszcza\u0107 wulkany. Dlatego te\u017c sprawiaj\u0105 nam tyle przykro\u015bci.<\/em><\/p>\n<p>Ten oto przyk\u0142ad zach\u0119ci\u0142 dzieci do dzielenia si\u0119 wiedz\u0105 w tym zakresie. Nasze spotkanie by\u0142o tak\u017ce odkrywcze. Eksperyment z mini wulkanami wykonany przez pani\u0105 El\u017cbiet\u0119 Juziuk-Janick\u0105 bardzo zadziwi\u0142 uczni\u00f3w. Na koniec wyt\u0142umaczyli\u015bmy znaczenie s\u0142owa <em>wulkanizacja<\/em>, kt\u00f3re kojarzy\u0142o si\u0119 dzieciom jednoznacznie!<\/p>\n<div id='gallery-1' class='gallery galleryid-9700 gallery-columns-3 gallery-size-thumbnail'><figure class='gallery-item'>\n\t\t\t<div class='gallery-icon landscape'>\n\t\t\t\t<a href='https:\/\/bibliotekamoscisko.pl\/?attachment_id=9702'><img decoding=\"async\" width=\"150\" height=\"150\" src=\"https:\/\/bibliotekamoscisko.pl\/wp-content\/uploads\/2019\/11\/wulkan1-150x150.jpg\" class=\"attachment-thumbnail size-thumbnail\" alt=\"\" srcset=\"https:\/\/bibliotekamoscisko.pl\/wp-content\/uploads\/2019\/11\/wulkan1-150x150.jpg 150w, https:\/\/bibliotekamoscisko.pl\/wp-content\/uploads\/2019\/11\/wulkan1-1x1.jpg 1w\" sizes=\"(max-width: 150px) 100vw, 150px\" \/><\/a>\n\t\t\t<\/div><\/figure><figure class='gallery-item'>\n\t\t\t<div class='gallery-icon landscape'>\n\t\t\t\t<a href='https:\/\/bibliotekamoscisko.pl\/?attachment_id=9703'><img decoding=\"async\" width=\"150\" height=\"150\" src=\"https:\/\/bibliotekamoscisko.pl\/wp-content\/uploads\/2019\/11\/wulkan2-150x150.jpg\" class=\"attachment-thumbnail size-thumbnail\" alt=\"\" srcset=\"https:\/\/bibliotekamoscisko.pl\/wp-content\/uploads\/2019\/11\/wulkan2-150x150.jpg 150w, https:\/\/bibliotekamoscisko.pl\/wp-content\/uploads\/2019\/11\/wulkan2-1x1.jpg 1w\" sizes=\"(max-width: 150px) 100vw, 150px\" \/><\/a>\n\t\t\t<\/div><\/figure><figure class='gallery-item'>\n\t\t\t<div class='gallery-icon landscape'>\n\t\t\t\t<a href='https:\/\/bibliotekamoscisko.pl\/?attachment_id=9704'><img loading=\"lazy\" decoding=\"async\" width=\"150\" height=\"150\" src=\"https:\/\/bibliotekamoscisko.pl\/wp-content\/uploads\/2019\/11\/wulkan3-150x150.jpg\" class=\"attachment-thumbnail size-thumbnail\" alt=\"\" srcset=\"https:\/\/bibliotekamoscisko.pl\/wp-content\/uploads\/2019\/11\/wulkan3-150x150.jpg 150w, https:\/\/bibliotekamoscisko.pl\/wp-content\/uploads\/2019\/11\/wulkan3-1x1.jpg 1w\" sizes=\"(max-width: 150px) 100vw, 150px\" \/><\/a>\n\t\t\t<\/div><\/figure>\n\t\t<\/div>\n\n<p>Maria Kirkiewicz<\/p>\n","protected":false},"excerpt":{"rendered":"<p>Trzecia klasa w dniu 15 listopada kontynuowa\u0142a cykl zaj\u0119\u0107 dotycz\u0105cych zjawisk przyrodniczych w Ostroszowicach!\u00a0Otoczeni ksi\u0105\u017ckami postanowili\u015bmy pozna\u0107 histori\u0119 ognia, a tak\u017ce zg\u0142\u0119bi\u0107 wiedz\u0119 o pochodzeniu ziej\u0105cych \u017carem sto\u017ckowatych gejzer\u00f3w i [&hellip;]<\/p>\n","protected":false},"author":1,"featured_media":0,"comment_status":"closed","ping_status":"open","sticky":false,"template":"","format":"standard","meta":{"ngg_post_thumbnail":0,"footnotes":""},"categories":[1],"tags":[],"class_list":["post-9700","post","type-post","status-publish","format-standard","hentry","category-uncategorized"],"_links":{"self":[{"href":"https:\/\/bibliotekamoscisko.pl\/index.php?rest_route=\/wp\/v2\/posts\/9700","targetHints":{"allow":["GET"]}}],"collection":[{"href":"https:\/\/bibliotekamoscisko.pl\/index.php?rest_route=\/wp\/v2\/posts"}],"about":[{"href":"https:\/\/bibliotekamoscisko.pl\/index.php?rest_route=\/wp\/v2\/types\/post"}],"author":[{"embeddable":true,"href":"https:\/\/bibliotekamoscisko.pl\/index.php?rest_route=\/wp\/v2\/users\/1"}],"replies":[{"embeddable":true,"href":"https:\/\/bibliotekamoscisko.pl\/index.php?rest_route=%2Fwp%2Fv2%2Fcomments&post=9700"}],"version-history":[{"count":1,"href":"https:\/\/bibliotekamoscisko.pl\/index.php?rest_route=\/wp\/v2\/posts\/9700\/revisions"}],"predecessor-version":[{"id":9705,"href":"https:\/\/bibliotekamoscisko.pl\/index.php?rest_route=\/wp\/v2\/posts\/9700\/revisions\/9705"}],"wp:attachment":[{"href":"https:\/\/bibliotekamoscisko.pl\/index.php?rest_route=%2Fwp%2Fv2%2Fmedia&parent=9700"}],"wp:term":[{"taxonomy":"category","embeddable":true,"href":"https:\/\/bibliotekamoscisko.pl\/index.php?rest_route=%2Fwp%2Fv2%2Fcategories&post=9700"},{"taxonomy":"post_tag","embeddable":true,"href":"https:\/\/bibliotekamoscisko.pl\/index.php?rest_route=%2Fwp%2Fv2%2Ftags&post=9700"}],"curies":[{"name":"wp","href":"https:\/\/api.w.org\/{rel}","templated":true}]}}