{"id":9710,"date":"2019-11-27T10:13:38","date_gmt":"2019-11-27T10:13:38","guid":{"rendered":"http:\/\/bibliotekamoscisko.pl\/?p=9710"},"modified":"2019-11-27T10:16:07","modified_gmt":"2019-11-27T10:16:07","slug":"stad-jestem-tu-mieszkam-tu-chce-zyc","status":"publish","type":"post","link":"https:\/\/bibliotekamoscisko.pl\/?p=9710","title":{"rendered":"St\u0105d jestem, tu mieszkam, tu chc\u0119 \u017cy\u0107!"},"content":{"rendered":"<p style=\"text-align: left;\">Bardzo trudno jest pisa\u0107 o czym\u015b zachwycaj\u0105cym&#8230;<br \/>\nBardzo trudno od razu zrozumie\u0107 co\u015b co si\u0119 bardzo mocno prze\u017cy\u0142o&#8230;<a href=\"http:\/\/bibliotekamoscisko.pl\/wp-content\/uploads\/2019\/11\/ki.jpg\"><img fetchpriority=\"high\" decoding=\"async\" class=\"alignright size-medium wp-image-9712\" src=\"http:\/\/bibliotekamoscisko.pl\/wp-content\/uploads\/2019\/11\/ki-200x300.jpg\" alt=\"\" width=\"200\" height=\"300\" srcset=\"https:\/\/bibliotekamoscisko.pl\/wp-content\/uploads\/2019\/11\/ki-200x300.jpg 200w, https:\/\/bibliotekamoscisko.pl\/wp-content\/uploads\/2019\/11\/ki-1x1.jpg 1w, https:\/\/bibliotekamoscisko.pl\/wp-content\/uploads\/2019\/11\/ki.jpg 640w\" sizes=\"(max-width: 200px) 100vw, 200px\" \/><\/a><br \/>\nCo\u015b co zosta\u0142o w sercu i czego nie da si\u0119 zapomnie\u0107!<\/p>\n<p>Przepi\u0119kne s\u0142owa hymnu Gminy Dzier\u017coni\u00f3w opowiadaj\u0105ce w bardzo zwi\u0119z\u0142y spos\u00f3b o walorach Gminy Dzier\u017coni\u00f3w rozpoczynaj\u0105ce si\u0119 od s\u0142\u00f3w:<\/p>\n<p><em>Mi\u0119dzy \u015al\u0119\u017c\u0105 a Sow\u0105 w malowniczej kotlinie<\/em><br \/>\n<em>Nasza Gmina Dzier\u017coni\u00f3w powsta\u0142a.<\/em><br \/>\n<em>Naszych Przodk\u00f3w tu przywi\u00f3d\u0142 wojenny los,<\/em><br \/>\n<em>Nowym domem ta ziemia si\u0119 sta\u0142a<\/em><\/p>\n<p>zachwyci\u0142y zebranych w bibliotece w Ostroszowicach 20 listopada s\u0142uchaczy, kt\u00f3rzy zapragn\u0119li spotka\u0107 si\u0119 z muzykuj\u0105c\u0105 Rodzin\u0105 Pa\u0144stwa Krystyny i Roberta Wszo\u0142\u00f3w oraz pozna\u0107 genez\u0119 powstania tego utworu, a przede wszystkim nauczy\u0107 si\u0119 go \u015bpiewa\u0107.<br \/>\nCudownie p\u0142yn\u0105ca melodia tego wspania\u0142ego hymnu kusz\u0105co zach\u0119ca\u0142a do s\u0142ownego namalowania obraz\u00f3w opiewaj\u0105cych pi\u0119kno Ziemi Dzier\u017coniowskiej.<br \/>\nZebrana w bibliotece m\u0142oda bra\u0107 stra\u017cacka oraz dostojni doro\u015bli z namaszczeniem \u015bpiewali o swojej Gminie.<\/p>\n<p><em>W Gminie wsp\u00f3lnie pracuj\u0105, by na lepsze j\u0105<\/em><br \/>\n<em>zmienia\u0107, liczne ko\u0142a i stowarzyszenia.<\/em><br \/>\n<em>Niechaj Matka \u0141askawa z Kie\u0142czy\u0144skich Wzg\u00f3rz<\/em><br \/>\n<em>Nasz\u0105 Gmin\u0119 \u0142askami obdarza.<\/em><\/p>\n<p>Szczeg\u00f3lnie uroczy\u015bcie i dostojnie zrobi\u0142o si\u0119 w bibliotece, gdy Pan Robert wsp\u00f3lnie z synem Karolem grali ten wspania\u0142y utw\u00f3r muzyczny a wszyscy\u00a0z dum\u0105 \u015bpiewali:<\/p>\n<p><em>St\u0105d jestem, tu mieszkam, tu chc\u0119 \u017cy\u0107,<\/em><br \/>\n<em>Z tradycj\u0105 mych Przodk\u00f3w naprz\u00f3d i\u015b\u0107<\/em><br \/>\n<em>I wsp\u00f3lnie przysz\u0142o\u015b\u0107 budowa\u0107 sw\u0105.<\/em><br \/>\n<em>Gmina Dzier\u017coni\u00f3w &#8211; tu jest m\u00f3j dom.<\/em><\/p>\n<div id='gallery-1' class='gallery galleryid-9710 gallery-columns-3 gallery-size-thumbnail'><figure class='gallery-item'>\n\t\t\t<div class='gallery-icon landscape'>\n\t\t\t\t<a href='https:\/\/bibliotekamoscisko.pl\/?attachment_id=9711'><img decoding=\"async\" width=\"150\" height=\"150\" src=\"https:\/\/bibliotekamoscisko.pl\/wp-content\/uploads\/2019\/11\/7kit-150x150.jpg\" class=\"attachment-thumbnail size-thumbnail\" alt=\"\" srcset=\"https:\/\/bibliotekamoscisko.pl\/wp-content\/uploads\/2019\/11\/7kit-150x150.jpg 150w, https:\/\/bibliotekamoscisko.pl\/wp-content\/uploads\/2019\/11\/7kit-1x1.jpg 1w\" sizes=\"(max-width: 150px) 100vw, 150px\" \/><\/a>\n\t\t\t<\/div><\/figure><figure class='gallery-item'>\n\t\t\t<div class='gallery-icon landscape'>\n\t\t\t\t<a href='https:\/\/bibliotekamoscisko.pl\/?attachment_id=9713'><img decoding=\"async\" width=\"150\" height=\"150\" src=\"https:\/\/bibliotekamoscisko.pl\/wp-content\/uploads\/2019\/11\/kto-150x150.jpg\" class=\"attachment-thumbnail size-thumbnail\" alt=\"\" srcset=\"https:\/\/bibliotekamoscisko.pl\/wp-content\/uploads\/2019\/11\/kto-150x150.jpg 150w, https:\/\/bibliotekamoscisko.pl\/wp-content\/uploads\/2019\/11\/kto-1x1.jpg 1w\" sizes=\"(max-width: 150px) 100vw, 150px\" \/><\/a>\n\t\t\t<\/div><\/figure><figure class='gallery-item'>\n\t\t\t<div class='gallery-icon landscape'>\n\t\t\t\t<a href='https:\/\/bibliotekamoscisko.pl\/?attachment_id=9714'><img loading=\"lazy\" decoding=\"async\" width=\"150\" height=\"150\" src=\"https:\/\/bibliotekamoscisko.pl\/wp-content\/uploads\/2019\/11\/ktoh-150x150.jpg\" class=\"attachment-thumbnail size-thumbnail\" alt=\"\" srcset=\"https:\/\/bibliotekamoscisko.pl\/wp-content\/uploads\/2019\/11\/ktoh-150x150.jpg 150w, https:\/\/bibliotekamoscisko.pl\/wp-content\/uploads\/2019\/11\/ktoh-1x1.jpg 1w\" sizes=\"(max-width: 150px) 100vw, 150px\" \/><\/a>\n\t\t\t<\/div><\/figure><figure class='gallery-item'>\n\t\t\t<div class='gallery-icon landscape'>\n\t\t\t\t<a href='https:\/\/bibliotekamoscisko.pl\/?attachment_id=9715'><img loading=\"lazy\" decoding=\"async\" width=\"150\" height=\"150\" src=\"https:\/\/bibliotekamoscisko.pl\/wp-content\/uploads\/2019\/11\/kup-150x150.jpg\" class=\"attachment-thumbnail size-thumbnail\" alt=\"\" srcset=\"https:\/\/bibliotekamoscisko.pl\/wp-content\/uploads\/2019\/11\/kup-150x150.jpg 150w, https:\/\/bibliotekamoscisko.pl\/wp-content\/uploads\/2019\/11\/kup-1x1.jpg 1w\" sizes=\"(max-width: 150px) 100vw, 150px\" \/><\/a>\n\t\t\t<\/div><\/figure><figure class='gallery-item'>\n\t\t\t<div class='gallery-icon landscape'>\n\t\t\t\t<a href='https:\/\/bibliotekamoscisko.pl\/?attachment_id=9716'><img loading=\"lazy\" decoding=\"async\" width=\"150\" height=\"150\" src=\"https:\/\/bibliotekamoscisko.pl\/wp-content\/uploads\/2019\/11\/ple-150x150.jpg\" class=\"attachment-thumbnail size-thumbnail\" alt=\"\" srcset=\"https:\/\/bibliotekamoscisko.pl\/wp-content\/uploads\/2019\/11\/ple-150x150.jpg 150w, https:\/\/bibliotekamoscisko.pl\/wp-content\/uploads\/2019\/11\/ple-1x1.jpg 1w\" sizes=\"(max-width: 150px) 100vw, 150px\" \/><\/a>\n\t\t\t<\/div><\/figure><figure class='gallery-item'>\n\t\t\t<div class='gallery-icon portrait'>\n\t\t\t\t<a href='https:\/\/bibliotekamoscisko.pl\/?attachment_id=9717'><img loading=\"lazy\" decoding=\"async\" width=\"150\" height=\"150\" src=\"https:\/\/bibliotekamoscisko.pl\/wp-content\/uploads\/2019\/11\/pro-150x150.jpg\" class=\"attachment-thumbnail size-thumbnail\" alt=\"\" srcset=\"https:\/\/bibliotekamoscisko.pl\/wp-content\/uploads\/2019\/11\/pro-150x150.jpg 150w, https:\/\/bibliotekamoscisko.pl\/wp-content\/uploads\/2019\/11\/pro-1x1.jpg 1w\" sizes=\"(max-width: 150px) 100vw, 150px\" \/><\/a>\n\t\t\t<\/div><\/figure>\n\t\t<\/div>\n\n<p>Listopadowy wiecz\u00f3r sp\u0119dzony w rodzinnym gronie to niezwyk\u0142e do\u015bwiadczenie.<\/p>\n<p>Serdecznie dzi\u0119kujemy Pa\u0144stwu Wszo\u0142om z dzie\u0107mi za cudowny koncert.<br \/>\nDruhnie Izabeli Gawe\u0142ek, druhowi S\u0142awkowi Oleksakowi &#8211; opiekunom MDP w Ostroszowicach za pomoc w przygotowaniu naszego niezwyk\u0142ego spotkania<br \/>\noraz Pani Patrycji Wojtachnie za smakowite delicje.<\/p>\n<p>W bibliotece by\u0142o tak koj\u0105co, \u017ce na koniec malutki Kubu\u015b smacznie zasn\u0105\u0142!<\/p>\n<p>Pozdrawiamy serdecznie!<br \/>\nMaria Kirkiewicz<\/p>\n","protected":false},"excerpt":{"rendered":"<p>Bardzo trudno jest pisa\u0107 o czym\u015b zachwycaj\u0105cym&#8230; Bardzo trudno od razu zrozumie\u0107 co\u015b co si\u0119 bardzo mocno prze\u017cy\u0142o&#8230; Co\u015b co zosta\u0142o w sercu i czego nie da si\u0119 zapomnie\u0107! Przepi\u0119kne [&hellip;]<\/p>\n","protected":false},"author":1,"featured_media":0,"comment_status":"closed","ping_status":"open","sticky":false,"template":"","format":"standard","meta":{"ngg_post_thumbnail":0,"footnotes":""},"categories":[1],"tags":[],"class_list":["post-9710","post","type-post","status-publish","format-standard","hentry","category-uncategorized"],"_links":{"self":[{"href":"https:\/\/bibliotekamoscisko.pl\/index.php?rest_route=\/wp\/v2\/posts\/9710","targetHints":{"allow":["GET"]}}],"collection":[{"href":"https:\/\/bibliotekamoscisko.pl\/index.php?rest_route=\/wp\/v2\/posts"}],"about":[{"href":"https:\/\/bibliotekamoscisko.pl\/index.php?rest_route=\/wp\/v2\/types\/post"}],"author":[{"embeddable":true,"href":"https:\/\/bibliotekamoscisko.pl\/index.php?rest_route=\/wp\/v2\/users\/1"}],"replies":[{"embeddable":true,"href":"https:\/\/bibliotekamoscisko.pl\/index.php?rest_route=%2Fwp%2Fv2%2Fcomments&post=9710"}],"version-history":[{"count":2,"href":"https:\/\/bibliotekamoscisko.pl\/index.php?rest_route=\/wp\/v2\/posts\/9710\/revisions"}],"predecessor-version":[{"id":9720,"href":"https:\/\/bibliotekamoscisko.pl\/index.php?rest_route=\/wp\/v2\/posts\/9710\/revisions\/9720"}],"wp:attachment":[{"href":"https:\/\/bibliotekamoscisko.pl\/index.php?rest_route=%2Fwp%2Fv2%2Fmedia&parent=9710"}],"wp:term":[{"taxonomy":"category","embeddable":true,"href":"https:\/\/bibliotekamoscisko.pl\/index.php?rest_route=%2Fwp%2Fv2%2Fcategories&post=9710"},{"taxonomy":"post_tag","embeddable":true,"href":"https:\/\/bibliotekamoscisko.pl\/index.php?rest_route=%2Fwp%2Fv2%2Ftags&post=9710"}],"curies":[{"name":"wp","href":"https:\/\/api.w.org\/{rel}","templated":true}]}}