{"id":9731,"date":"2019-12-03T08:08:02","date_gmt":"2019-12-03T08:08:02","guid":{"rendered":"http:\/\/bibliotekamoscisko.pl\/?p=9731"},"modified":"2019-12-03T08:08:02","modified_gmt":"2019-12-03T08:08:02","slug":"swietowali-niepodlegla-tworczo","status":"publish","type":"post","link":"https:\/\/bibliotekamoscisko.pl\/?p=9731","title":{"rendered":"\u015awi\u0119towali  &#8211; Niepodleg\u0142\u0105 Tw\u00f3rczo"},"content":{"rendered":"<p>W listopadzie w bibliotece w Owie\u015bnie trwa\u0142 cykl warsztat\u00f3w artystycznych i r\u0119kodzielniczych\u00a0 skierowanych zar\u00f3wno do starszych jak i m\u0142odszych czytelnik\u00f3w<a href=\"http:\/\/bibliotekamoscisko.pl\/wp-content\/uploads\/2019\/12\/IMG_20191120_161207.jpg\"><img fetchpriority=\"high\" decoding=\"async\" class=\"alignright size-medium wp-image-9736\" src=\"http:\/\/bibliotekamoscisko.pl\/wp-content\/uploads\/2019\/12\/IMG_20191120_161207-225x300.jpg\" alt=\"\" width=\"225\" height=\"300\" srcset=\"https:\/\/bibliotekamoscisko.pl\/wp-content\/uploads\/2019\/12\/IMG_20191120_161207-225x300.jpg 225w, https:\/\/bibliotekamoscisko.pl\/wp-content\/uploads\/2019\/12\/IMG_20191120_161207-1x1.jpg 1w, https:\/\/bibliotekamoscisko.pl\/wp-content\/uploads\/2019\/12\/IMG_20191120_161207.jpg 600w\" sizes=\"(max-width: 225px) 100vw, 225px\" \/><\/a> a nawi\u0105zuj\u0105cych do kultywowania patriotyzmu.<br \/>\nPierwsze z nich nosi\u0142y nazw\u0119 \u201eBia\u0142o\u2013czerwone r\u00f3\u017ce, wianki, kokardy\u2026\u00a0 dla ojczyzny\u201d. By\u0142y to warsztaty skierowany do wszystkich czytelnik\u00f3w. Uczestnicy nauczyli si\u0119 robi\u0107 m.in. kwiaty, wianki, kotyliony, korale i bransoletki, \u00a0kt\u00f3re oczywi\u015bcie by\u0142y w naszych barwach narodowych, symbolizuj\u0105c w ten spos\u00f3b patriotyzm\u00a0 i mi\u0142o\u015b\u0107 do ojczyzny.<br \/>\nKolejne warsztaty \u201eKto ty jeste\u015b? Polak ma\u0142y\u201d by\u0142y skierowane do m\u0142odszych\u00a0 czytelnik\u00f3w. Na patriotycznych zaj\u0119cia z tkactwa ka\u017cdy z uczestnik\u00f3w otrzyma\u0142 krosno, na kt\u00f3rym utka\u0142 tkanin\u0119 w barwach bia\u0142o \u2013 czerwonych. Powsta\u0142y z nich pi\u0119kne serwetki. Dzi\u0119ki tym warsztatom mogli\u015bmy powr\u00f3ci\u0107 \u00a0do tradycji dawnych \u00a0zawod\u00f3w i sprz\u0119t\u00f3w. Warto by\u0142o przenie\u015b\u0107 si\u0119 w czasie o jakie\u015b 100 lat i zobaczy\u0107, jak kiedy\u015b powstawa\u0142y przedmioty codziennego u\u017cytku. Taka &#8222;w\u0119dr\u00f3wka&#8221; wraz z dzie\u0107mi by\u0142a dla nich okazj\u0105 do poszerzenia wiedzy o \u015bwiecie i nabycia cennych, praktycznych umiej\u0119tno\u015bci. Warsztaty przyczyni\u0142y si\u0119 do kszta\u0142towania postawy szacunku do warto\u015bci, symboli i tradycji narodowych a tak\u017ce u\u015bwiadomi\u0142a \u00a0dzieciom wag\u0119 pracy ludzkiej. Poprawi\u0142a si\u0119 r\u00f3wnie\u017c motoryka palc\u00f3w i rozbudzi\u0142a ich kreatywno\u015b\u0107. Podczas zaj\u0119\u0107 rozmawiali\u015bmy o symbolach narodowych i ich znaczeniu dla nas &#8211; Polak\u00f3w.<\/p>\n<div id='gallery-1' class='gallery galleryid-9731 gallery-columns-3 gallery-size-thumbnail'><figure class='gallery-item'>\n\t\t\t<div class='gallery-icon landscape'>\n\t\t\t\t<a href='https:\/\/bibliotekamoscisko.pl\/?attachment_id=9733'><img decoding=\"async\" width=\"150\" height=\"150\" src=\"https:\/\/bibliotekamoscisko.pl\/wp-content\/uploads\/2019\/12\/IMG_20191108_143848-150x150.jpg\" class=\"attachment-thumbnail size-thumbnail\" alt=\"\" srcset=\"https:\/\/bibliotekamoscisko.pl\/wp-content\/uploads\/2019\/12\/IMG_20191108_143848-150x150.jpg 150w, https:\/\/bibliotekamoscisko.pl\/wp-content\/uploads\/2019\/12\/IMG_20191108_143848-1x1.jpg 1w\" sizes=\"(max-width: 150px) 100vw, 150px\" \/><\/a>\n\t\t\t<\/div><\/figure><figure class='gallery-item'>\n\t\t\t<div class='gallery-icon portrait'>\n\t\t\t\t<a href='https:\/\/bibliotekamoscisko.pl\/?attachment_id=9734'><img decoding=\"async\" width=\"150\" height=\"150\" src=\"https:\/\/bibliotekamoscisko.pl\/wp-content\/uploads\/2019\/12\/IMG_20191108_145053-150x150.jpg\" class=\"attachment-thumbnail size-thumbnail\" alt=\"\" srcset=\"https:\/\/bibliotekamoscisko.pl\/wp-content\/uploads\/2019\/12\/IMG_20191108_145053-150x150.jpg 150w, https:\/\/bibliotekamoscisko.pl\/wp-content\/uploads\/2019\/12\/IMG_20191108_145053-1x1.jpg 1w\" sizes=\"(max-width: 150px) 100vw, 150px\" \/><\/a>\n\t\t\t<\/div><\/figure><figure class='gallery-item'>\n\t\t\t<div class='gallery-icon portrait'>\n\t\t\t\t<a href='https:\/\/bibliotekamoscisko.pl\/?attachment_id=9735'><img loading=\"lazy\" decoding=\"async\" width=\"150\" height=\"150\" src=\"https:\/\/bibliotekamoscisko.pl\/wp-content\/uploads\/2019\/12\/IMG_20191120_154609-150x150.jpg\" class=\"attachment-thumbnail size-thumbnail\" alt=\"\" srcset=\"https:\/\/bibliotekamoscisko.pl\/wp-content\/uploads\/2019\/12\/IMG_20191120_154609-150x150.jpg 150w, https:\/\/bibliotekamoscisko.pl\/wp-content\/uploads\/2019\/12\/IMG_20191120_154609-1x1.jpg 1w\" sizes=\"(max-width: 150px) 100vw, 150px\" \/><\/a>\n\t\t\t<\/div><\/figure><figure class='gallery-item'>\n\t\t\t<div class='gallery-icon portrait'>\n\t\t\t\t<a href='https:\/\/bibliotekamoscisko.pl\/?attachment_id=9737'><img loading=\"lazy\" decoding=\"async\" width=\"150\" height=\"150\" src=\"https:\/\/bibliotekamoscisko.pl\/wp-content\/uploads\/2019\/12\/IMG_20191120_162328-150x150.jpg\" class=\"attachment-thumbnail size-thumbnail\" alt=\"\" srcset=\"https:\/\/bibliotekamoscisko.pl\/wp-content\/uploads\/2019\/12\/IMG_20191120_162328-150x150.jpg 150w, https:\/\/bibliotekamoscisko.pl\/wp-content\/uploads\/2019\/12\/IMG_20191120_162328-1x1.jpg 1w\" sizes=\"(max-width: 150px) 100vw, 150px\" \/><\/a>\n\t\t\t<\/div><\/figure><figure class='gallery-item'>\n\t\t\t<div class='gallery-icon portrait'>\n\t\t\t\t<a href='https:\/\/bibliotekamoscisko.pl\/?attachment_id=9738'><img loading=\"lazy\" decoding=\"async\" width=\"150\" height=\"150\" src=\"https:\/\/bibliotekamoscisko.pl\/wp-content\/uploads\/2019\/12\/IMG_20191126_150755-150x150.jpg\" class=\"attachment-thumbnail size-thumbnail\" alt=\"\" srcset=\"https:\/\/bibliotekamoscisko.pl\/wp-content\/uploads\/2019\/12\/IMG_20191126_150755-150x150.jpg 150w, https:\/\/bibliotekamoscisko.pl\/wp-content\/uploads\/2019\/12\/IMG_20191126_150755-1x1.jpg 1w\" sizes=\"(max-width: 150px) 100vw, 150px\" \/><\/a>\n\t\t\t<\/div><\/figure><figure class='gallery-item'>\n\t\t\t<div class='gallery-icon landscape'>\n\t\t\t\t<a href='https:\/\/bibliotekamoscisko.pl\/?attachment_id=9739'><img loading=\"lazy\" decoding=\"async\" width=\"150\" height=\"150\" src=\"https:\/\/bibliotekamoscisko.pl\/wp-content\/uploads\/2019\/12\/IMG_20191126_155206-150x150.jpg\" class=\"attachment-thumbnail size-thumbnail\" alt=\"\" srcset=\"https:\/\/bibliotekamoscisko.pl\/wp-content\/uploads\/2019\/12\/IMG_20191126_155206-150x150.jpg 150w, https:\/\/bibliotekamoscisko.pl\/wp-content\/uploads\/2019\/12\/IMG_20191126_155206-300x300.jpg 300w, https:\/\/bibliotekamoscisko.pl\/wp-content\/uploads\/2019\/12\/IMG_20191126_155206-768x766.jpg 768w, https:\/\/bibliotekamoscisko.pl\/wp-content\/uploads\/2019\/12\/IMG_20191126_155206-1x1.jpg 1w, https:\/\/bibliotekamoscisko.pl\/wp-content\/uploads\/2019\/12\/IMG_20191126_155206.jpg 770w\" sizes=\"(max-width: 150px) 100vw, 150px\" \/><\/a>\n\t\t\t<\/div><\/figure><figure class='gallery-item'>\n\t\t\t<div class='gallery-icon portrait'>\n\t\t\t\t<a href='https:\/\/bibliotekamoscisko.pl\/?attachment_id=9740'><img loading=\"lazy\" decoding=\"async\" width=\"150\" height=\"150\" src=\"https:\/\/bibliotekamoscisko.pl\/wp-content\/uploads\/2019\/12\/IMG_20191126_171508-150x150.jpg\" class=\"attachment-thumbnail size-thumbnail\" alt=\"\" srcset=\"https:\/\/bibliotekamoscisko.pl\/wp-content\/uploads\/2019\/12\/IMG_20191126_171508-150x150.jpg 150w, https:\/\/bibliotekamoscisko.pl\/wp-content\/uploads\/2019\/12\/IMG_20191126_171508-1x1.jpg 1w\" sizes=\"(max-width: 150px) 100vw, 150px\" \/><\/a>\n\t\t\t<\/div><\/figure><figure class='gallery-item'>\n\t\t\t<div class='gallery-icon portrait'>\n\t\t\t\t<a href='https:\/\/bibliotekamoscisko.pl\/?attachment_id=9741'><img loading=\"lazy\" decoding=\"async\" width=\"150\" height=\"150\" src=\"https:\/\/bibliotekamoscisko.pl\/wp-content\/uploads\/2019\/12\/IMG-20191120-WA0003-150x150.jpg\" class=\"attachment-thumbnail size-thumbnail\" alt=\"\" srcset=\"https:\/\/bibliotekamoscisko.pl\/wp-content\/uploads\/2019\/12\/IMG-20191120-WA0003-150x150.jpg 150w, https:\/\/bibliotekamoscisko.pl\/wp-content\/uploads\/2019\/12\/IMG-20191120-WA0003-1x1.jpg 1w\" sizes=\"(max-width: 150px) 100vw, 150px\" \/><\/a>\n\t\t\t<\/div><\/figure><figure class='gallery-item'>\n\t\t\t<div class='gallery-icon portrait'>\n\t\t\t\t<a href='https:\/\/bibliotekamoscisko.pl\/?attachment_id=9742'><img loading=\"lazy\" decoding=\"async\" width=\"150\" height=\"150\" src=\"https:\/\/bibliotekamoscisko.pl\/wp-content\/uploads\/2019\/12\/IMG-20191120-WA0004-150x150.jpg\" class=\"attachment-thumbnail size-thumbnail\" alt=\"\" srcset=\"https:\/\/bibliotekamoscisko.pl\/wp-content\/uploads\/2019\/12\/IMG-20191120-WA0004-150x150.jpg 150w, https:\/\/bibliotekamoscisko.pl\/wp-content\/uploads\/2019\/12\/IMG-20191120-WA0004-1x1.jpg 1w\" sizes=\"(max-width: 150px) 100vw, 150px\" \/><\/a>\n\t\t\t<\/div><\/figure>\n\t\t<\/div>\n\n<p>Przeprowadzenie tych wszystkich zada\u0144 przyczyni\u0142o si\u0119 w znacznym stopniu do piel\u0119gnowania polsko\u015bci, a tak\u017ce wp\u0142yn\u0119\u0142o na rozw\u00f3j i kszta\u0142towanie \u015bwiadomo\u015bci obywatelskiej wszystkich uczestnik\u00f3w przedsi\u0119wzi\u0119cia.<br \/>\nZosta\u0142o ono zrealizowane wsp\u00f3lnie ze stowarzyszeniem \u201eRazem dla wsi\u201d, kt\u00f3re otrzyma\u0142o dofinansowanie z Gminy Dzier\u017coni\u00f3w w ramach projektu pn. \u201e\u015awi\u0119tujemy \u2013 Niepodleg\u0142\u0105 Tw\u00f3rczo\u201d.<\/p>\n<p style=\"text-align: center;\">Biblioteka dzi\u0119kuje r\u00f3wnie\u017c Paniom Kamili Kazek i Agnieszce Duran za pomoc w przeprowadzeniu cz\u0119\u015bci warsztat\u00f3w.<\/p>\n<p>J.P.<\/p>\n","protected":false},"excerpt":{"rendered":"<p>W listopadzie w bibliotece w Owie\u015bnie trwa\u0142 cykl warsztat\u00f3w artystycznych i r\u0119kodzielniczych\u00a0 skierowanych zar\u00f3wno do starszych jak i m\u0142odszych czytelnik\u00f3w a nawi\u0105zuj\u0105cych do kultywowania patriotyzmu. Pierwsze z nich nosi\u0142y nazw\u0119 [&hellip;]<\/p>\n","protected":false},"author":1,"featured_media":0,"comment_status":"closed","ping_status":"open","sticky":false,"template":"","format":"standard","meta":{"ngg_post_thumbnail":0,"footnotes":""},"categories":[1],"tags":[],"class_list":["post-9731","post","type-post","status-publish","format-standard","hentry","category-uncategorized"],"_links":{"self":[{"href":"https:\/\/bibliotekamoscisko.pl\/index.php?rest_route=\/wp\/v2\/posts\/9731","targetHints":{"allow":["GET"]}}],"collection":[{"href":"https:\/\/bibliotekamoscisko.pl\/index.php?rest_route=\/wp\/v2\/posts"}],"about":[{"href":"https:\/\/bibliotekamoscisko.pl\/index.php?rest_route=\/wp\/v2\/types\/post"}],"author":[{"embeddable":true,"href":"https:\/\/bibliotekamoscisko.pl\/index.php?rest_route=\/wp\/v2\/users\/1"}],"replies":[{"embeddable":true,"href":"https:\/\/bibliotekamoscisko.pl\/index.php?rest_route=%2Fwp%2Fv2%2Fcomments&post=9731"}],"version-history":[{"count":1,"href":"https:\/\/bibliotekamoscisko.pl\/index.php?rest_route=\/wp\/v2\/posts\/9731\/revisions"}],"predecessor-version":[{"id":9743,"href":"https:\/\/bibliotekamoscisko.pl\/index.php?rest_route=\/wp\/v2\/posts\/9731\/revisions\/9743"}],"wp:attachment":[{"href":"https:\/\/bibliotekamoscisko.pl\/index.php?rest_route=%2Fwp%2Fv2%2Fmedia&parent=9731"}],"wp:term":[{"taxonomy":"category","embeddable":true,"href":"https:\/\/bibliotekamoscisko.pl\/index.php?rest_route=%2Fwp%2Fv2%2Fcategories&post=9731"},{"taxonomy":"post_tag","embeddable":true,"href":"https:\/\/bibliotekamoscisko.pl\/index.php?rest_route=%2Fwp%2Fv2%2Ftags&post=9731"}],"curies":[{"name":"wp","href":"https:\/\/api.w.org\/{rel}","templated":true}]}}