{"id":9826,"date":"2020-01-14T12:38:34","date_gmt":"2020-01-14T12:38:34","guid":{"rendered":"http:\/\/bibliotekamoscisko.pl\/?p=9826"},"modified":"2020-01-14T12:38:34","modified_gmt":"2020-01-14T12:38:34","slug":"xxv-dolnoslaski-konkurs-recytatorski-pegazik","status":"publish","type":"post","link":"https:\/\/bibliotekamoscisko.pl\/?p=9826","title":{"rendered":"XXV Dolno\u015bl\u0105ski Konkurs Recytatorski PEGAZIK"},"content":{"rendered":"<h2 style=\"text-align: center;\">XXV Dolno\u015bl\u0105ski Konkurs Recytatorski PEGAZIK<\/h2>\n<p><a href=\"http:\/\/bibliotekamoscisko.pl\/wp-content\/uploads\/2016\/01\/pegazik.jpg\"><img fetchpriority=\"high\" decoding=\"async\" class=\"aligncenter size-full wp-image-2577\" src=\"http:\/\/bibliotekamoscisko.pl\/wp-content\/uploads\/2016\/01\/pegazik.jpg\" alt=\"\" width=\"251\" height=\"201\" \/><\/a><\/p>\n<p style=\"text-align: center;\">Z przyjemno\u015bci\u0105 zawiadamiamy, \u017ce eliminacje gminne XXV Dolno\u015bl\u0105skiego Konkursu Recytatorskiego PEGAZIK odb\u0119d\u0105 si\u0119<\/p>\n<p style=\"text-align: center;\"><strong>06<\/strong> <strong>lutego 2020r. <\/strong>(czwartek) o godz. 10.00 w Bibliotece Publicznej Gminy Dzier\u017coni\u00f3w im. W\u0142adys\u0142awa Reymonta w Mo\u015bcisku, ul. Kolejowa 12b.<\/p>\n<p style=\"text-align: center;\">Prosimy o przekazanie kart zg\u0142osze\u0144 <strong><u>do 31 stycznia 2020 r.<\/u><\/strong> drog\u0105 elektroniczn\u0105 na adres: <a href=\"mailto:biblioteka.moscisko@wp.pl\">biblioteka.moscisko@wp.pl<\/a>\u00a0 z dopiskiem \u2013 Pegazik 2020 lub osobi\u015bcie w siedzibie biblioteki, czynnej w godz.:<\/p>\n<p>pon. \u2013 \u00a0pt.\u00a0 \u00a0\u00a08.00-18.00<br \/>\nczw. \u00a0\u00a0\u00a0\u00a0\u00a0\u00a0\u00a0\u00a0 \u00a0 \u00a0 8.00-16.00<\/p>\n<p><a href=\"http:\/\/bibliotekamoscisko.pl\/wp-content\/uploads\/2020\/01\/kartapegazik20.doc\" target=\"_blank\" rel=\"noopener\">Karta zg\u0142oszeniowa &#8211; pobierz<\/a><\/p>\n<p><a href=\"http:\/\/bibliotekamoscisko.pl\/wp-content\/uploads\/2020\/01\/REGULAMIN-etap-gminny-2020.docx\">REGULAMIN etap gminny <\/a><\/p>\n","protected":false},"excerpt":{"rendered":"<p>XXV Dolno\u015bl\u0105ski Konkurs Recytatorski PEGAZIK Z przyjemno\u015bci\u0105 zawiadamiamy, \u017ce eliminacje gminne XXV Dolno\u015bl\u0105skiego Konkursu Recytatorskiego PEGAZIK odb\u0119d\u0105 si\u0119 06 lutego 2020r. (czwartek) o godz. 10.00 w Bibliotece Publicznej Gminy Dzier\u017coni\u00f3w [&hellip;]<\/p>\n","protected":false},"author":1,"featured_media":0,"comment_status":"closed","ping_status":"open","sticky":false,"template":"","format":"standard","meta":{"ngg_post_thumbnail":0,"footnotes":""},"categories":[1],"tags":[],"class_list":["post-9826","post","type-post","status-publish","format-standard","hentry","category-uncategorized"],"_links":{"self":[{"href":"https:\/\/bibliotekamoscisko.pl\/index.php?rest_route=\/wp\/v2\/posts\/9826","targetHints":{"allow":["GET"]}}],"collection":[{"href":"https:\/\/bibliotekamoscisko.pl\/index.php?rest_route=\/wp\/v2\/posts"}],"about":[{"href":"https:\/\/bibliotekamoscisko.pl\/index.php?rest_route=\/wp\/v2\/types\/post"}],"author":[{"embeddable":true,"href":"https:\/\/bibliotekamoscisko.pl\/index.php?rest_route=\/wp\/v2\/users\/1"}],"replies":[{"embeddable":true,"href":"https:\/\/bibliotekamoscisko.pl\/index.php?rest_route=%2Fwp%2Fv2%2Fcomments&post=9826"}],"version-history":[{"count":1,"href":"https:\/\/bibliotekamoscisko.pl\/index.php?rest_route=\/wp\/v2\/posts\/9826\/revisions"}],"predecessor-version":[{"id":9829,"href":"https:\/\/bibliotekamoscisko.pl\/index.php?rest_route=\/wp\/v2\/posts\/9826\/revisions\/9829"}],"wp:attachment":[{"href":"https:\/\/bibliotekamoscisko.pl\/index.php?rest_route=%2Fwp%2Fv2%2Fmedia&parent=9826"}],"wp:term":[{"taxonomy":"category","embeddable":true,"href":"https:\/\/bibliotekamoscisko.pl\/index.php?rest_route=%2Fwp%2Fv2%2Fcategories&post=9826"},{"taxonomy":"post_tag","embeddable":true,"href":"https:\/\/bibliotekamoscisko.pl\/index.php?rest_route=%2Fwp%2Fv2%2Ftags&post=9826"}],"curies":[{"name":"wp","href":"https:\/\/api.w.org\/{rel}","templated":true}]}}