{"id":9896,"date":"2020-01-22T10:39:55","date_gmt":"2020-01-22T10:39:55","guid":{"rendered":"http:\/\/bibliotekamoscisko.pl\/?p=9896"},"modified":"2020-01-22T10:39:55","modified_gmt":"2020-01-22T10:39:55","slug":"grupa-tworcza-rozwija-talenty","status":"publish","type":"post","link":"https:\/\/bibliotekamoscisko.pl\/?p=9896","title":{"rendered":"Grupa Tw\u00f3rcza rozwija talenty!"},"content":{"rendered":"<h2 style=\"text-align: center;\"><span class=\"_5yl5\">Grupa Tw\u00f3rcza przy bibliotece w Ostroszowicach rozwija talenty! <\/span><\/h2>\n<p style=\"text-align: center;\"><span class=\"_5yl5\">Magiczny Elf w wykonaniu Pani Doroty Gorbenko-Wilk zachwyca wyj\u0105tkowym pi\u0119knem.<\/span><\/p>\n<p><a href=\"http:\/\/bibliotekamoscisko.pl\/wp-content\/uploads\/2020\/01\/82616250_161645175137522_2359905261512032256_n.jpg\"><img fetchpriority=\"high\" decoding=\"async\" class=\"aligncenter  wp-image-9897\" src=\"http:\/\/bibliotekamoscisko.pl\/wp-content\/uploads\/2020\/01\/82616250_161645175137522_2359905261512032256_n.jpg\" alt=\"\" width=\"471\" height=\"705\" srcset=\"https:\/\/bibliotekamoscisko.pl\/wp-content\/uploads\/2020\/01\/82616250_161645175137522_2359905261512032256_n.jpg 640w, https:\/\/bibliotekamoscisko.pl\/wp-content\/uploads\/2020\/01\/82616250_161645175137522_2359905261512032256_n-200x300.jpg 200w, https:\/\/bibliotekamoscisko.pl\/wp-content\/uploads\/2020\/01\/82616250_161645175137522_2359905261512032256_n-1x1.jpg 1w\" sizes=\"(max-width: 471px) 100vw, 471px\" \/><\/a>W czwartek 16 stycznia w bibliotece zrobi\u0142o si\u0119 czerwono od r\u00f3\u017c z bibu\u0142y. Misternie wykonane czerwone r\u00f3\u017ce to tylko pretekst do rozpocz\u0119cia nowego sezonu spotka\u0144 z Grup\u0105 Tw\u00f3rcz\u0105.<a href=\"http:\/\/bibliotekamoscisko.pl\/wp-content\/uploads\/2020\/01\/roze.jpg\"><img decoding=\"async\" class=\"aligncenter size-medium wp-image-9902\" src=\"http:\/\/bibliotekamoscisko.pl\/wp-content\/uploads\/2020\/01\/roze-300x200.jpg\" alt=\"\" width=\"300\" height=\"200\" srcset=\"https:\/\/bibliotekamoscisko.pl\/wp-content\/uploads\/2020\/01\/roze-300x200.jpg 300w, https:\/\/bibliotekamoscisko.pl\/wp-content\/uploads\/2020\/01\/roze-768x513.jpg 768w, https:\/\/bibliotekamoscisko.pl\/wp-content\/uploads\/2020\/01\/roze-1x1.jpg 1w, https:\/\/bibliotekamoscisko.pl\/wp-content\/uploads\/2020\/01\/roze.jpg 960w\" sizes=\"(max-width: 300px) 100vw, 300px\" \/><\/a><\/p>\n<p>By\u0142o bardzo weso\u0142o i sympatycznie. Nasze plany pracy zapowiadaj\u0105 mega zapracowany sezon. Jeste\u015bmy optymistycznie nastawieni do pracy zw\u0142aszcza, \u017ce do grupy do\u0142\u0105czy\u0142 Ksi\u0105dz Proboszcz Pawe\u0142 Kuriata!<\/p>\n<div id='gallery-1' class='gallery galleryid-9896 gallery-columns-3 gallery-size-thumbnail'><figure class='gallery-item'>\n\t\t\t<div class='gallery-icon landscape'>\n\t\t\t\t<a href='https:\/\/bibliotekamoscisko.pl\/?attachment_id=9898'><img decoding=\"async\" width=\"150\" height=\"150\" src=\"https:\/\/bibliotekamoscisko.pl\/wp-content\/uploads\/2020\/01\/r2-150x150.jpg\" class=\"attachment-thumbnail size-thumbnail\" alt=\"\" srcset=\"https:\/\/bibliotekamoscisko.pl\/wp-content\/uploads\/2020\/01\/r2-150x150.jpg 150w, https:\/\/bibliotekamoscisko.pl\/wp-content\/uploads\/2020\/01\/r2-1x1.jpg 1w\" sizes=\"(max-width: 150px) 100vw, 150px\" \/><\/a>\n\t\t\t<\/div><\/figure><figure class='gallery-item'>\n\t\t\t<div class='gallery-icon landscape'>\n\t\t\t\t<a href='https:\/\/bibliotekamoscisko.pl\/?attachment_id=9899'><img loading=\"lazy\" decoding=\"async\" width=\"150\" height=\"150\" src=\"https:\/\/bibliotekamoscisko.pl\/wp-content\/uploads\/2020\/01\/r3-150x150.jpg\" class=\"attachment-thumbnail size-thumbnail\" alt=\"\" srcset=\"https:\/\/bibliotekamoscisko.pl\/wp-content\/uploads\/2020\/01\/r3-150x150.jpg 150w, https:\/\/bibliotekamoscisko.pl\/wp-content\/uploads\/2020\/01\/r3-1x1.jpg 1w\" sizes=\"(max-width: 150px) 100vw, 150px\" \/><\/a>\n\t\t\t<\/div><\/figure><figure class='gallery-item'>\n\t\t\t<div class='gallery-icon landscape'>\n\t\t\t\t<a href='https:\/\/bibliotekamoscisko.pl\/?attachment_id=9900'><img loading=\"lazy\" decoding=\"async\" width=\"150\" height=\"150\" src=\"https:\/\/bibliotekamoscisko.pl\/wp-content\/uploads\/2020\/01\/r4-150x150.jpg\" class=\"attachment-thumbnail size-thumbnail\" alt=\"\" srcset=\"https:\/\/bibliotekamoscisko.pl\/wp-content\/uploads\/2020\/01\/r4-150x150.jpg 150w, https:\/\/bibliotekamoscisko.pl\/wp-content\/uploads\/2020\/01\/r4-1x1.jpg 1w\" sizes=\"(max-width: 150px) 100vw, 150px\" \/><\/a>\n\t\t\t<\/div><\/figure>\n\t\t<\/div>\n\n<div class=\"gwp3b13754b_text_exposed_show\">\n<p><a href=\"http:\/\/bibliotekamoscisko.pl\/wp-content\/uploads\/2020\/01\/r6.jpg\"><img loading=\"lazy\" decoding=\"async\" class=\"alignleft size-medium wp-image-9901\" src=\"http:\/\/bibliotekamoscisko.pl\/wp-content\/uploads\/2020\/01\/r6-300x200.jpg\" alt=\"\" width=\"300\" height=\"200\" srcset=\"https:\/\/bibliotekamoscisko.pl\/wp-content\/uploads\/2020\/01\/r6-300x200.jpg 300w, https:\/\/bibliotekamoscisko.pl\/wp-content\/uploads\/2020\/01\/r6-768x513.jpg 768w, https:\/\/bibliotekamoscisko.pl\/wp-content\/uploads\/2020\/01\/r6-1x1.jpg 1w, https:\/\/bibliotekamoscisko.pl\/wp-content\/uploads\/2020\/01\/r6.jpg 960w\" sizes=\"(max-width: 300px) 100vw, 300px\" \/><\/a><\/p>\n<p>Serdecznie pozdrawiamy !<\/p>\n<p>Grupa Tw\u00f3rcza<br \/>\nOstroszowice<\/p>\n<\/div>\n","protected":false},"excerpt":{"rendered":"<p>Grupa Tw\u00f3rcza przy bibliotece w Ostroszowicach rozwija talenty! Magiczny Elf w wykonaniu Pani Doroty Gorbenko-Wilk zachwyca wyj\u0105tkowym pi\u0119knem. W czwartek 16 stycznia w bibliotece zrobi\u0142o si\u0119 czerwono od r\u00f3\u017c z [&hellip;]<\/p>\n","protected":false},"author":1,"featured_media":0,"comment_status":"closed","ping_status":"open","sticky":false,"template":"","format":"standard","meta":{"ngg_post_thumbnail":0,"footnotes":""},"categories":[1],"tags":[],"class_list":["post-9896","post","type-post","status-publish","format-standard","hentry","category-uncategorized"],"_links":{"self":[{"href":"https:\/\/bibliotekamoscisko.pl\/index.php?rest_route=\/wp\/v2\/posts\/9896","targetHints":{"allow":["GET"]}}],"collection":[{"href":"https:\/\/bibliotekamoscisko.pl\/index.php?rest_route=\/wp\/v2\/posts"}],"about":[{"href":"https:\/\/bibliotekamoscisko.pl\/index.php?rest_route=\/wp\/v2\/types\/post"}],"author":[{"embeddable":true,"href":"https:\/\/bibliotekamoscisko.pl\/index.php?rest_route=\/wp\/v2\/users\/1"}],"replies":[{"embeddable":true,"href":"https:\/\/bibliotekamoscisko.pl\/index.php?rest_route=%2Fwp%2Fv2%2Fcomments&post=9896"}],"version-history":[{"count":1,"href":"https:\/\/bibliotekamoscisko.pl\/index.php?rest_route=\/wp\/v2\/posts\/9896\/revisions"}],"predecessor-version":[{"id":9903,"href":"https:\/\/bibliotekamoscisko.pl\/index.php?rest_route=\/wp\/v2\/posts\/9896\/revisions\/9903"}],"wp:attachment":[{"href":"https:\/\/bibliotekamoscisko.pl\/index.php?rest_route=%2Fwp%2Fv2%2Fmedia&parent=9896"}],"wp:term":[{"taxonomy":"category","embeddable":true,"href":"https:\/\/bibliotekamoscisko.pl\/index.php?rest_route=%2Fwp%2Fv2%2Fcategories&post=9896"},{"taxonomy":"post_tag","embeddable":true,"href":"https:\/\/bibliotekamoscisko.pl\/index.php?rest_route=%2Fwp%2Fv2%2Ftags&post=9896"}],"curies":[{"name":"wp","href":"https:\/\/api.w.org\/{rel}","templated":true}]}}