{"id":9904,"date":"2020-01-22T10:52:04","date_gmt":"2020-01-22T10:52:04","guid":{"rendered":"http:\/\/bibliotekamoscisko.pl\/?p=9904"},"modified":"2020-01-22T10:52:04","modified_gmt":"2020-01-22T10:52:04","slug":"tylko-mnie-nigdy-nie-zapomnij-prosze","status":"publish","type":"post","link":"https:\/\/bibliotekamoscisko.pl\/?p=9904","title":{"rendered":"\u201eTylko mnie nigdy nie zapomnij, prosz\u0119!\u201d"},"content":{"rendered":"<p>Tu\u017c przed Dniem Babci, 20 stycznia, zajrzeli\u015bmy do ksi\u0105\u017cki \u201eNiezapominajka\u201d Agnieszki \u015awi\u0119tek. To pozycja, kt\u00f3ra pozwala spojrze\u0107 na babci\u0119 i dziadka z nieco innej perspektywy i porz\u0105dkuje nasze uczucia, gdy zaczynaj\u0105 oni chorowa\u0107. Przedszkolaki z przedszkola w Uciechowie pozna\u0142y kilka \u0107wicze\u0144 wspieraj\u0105cych prac\u0119 m\u00f3zgu i poprawiaj\u0105cych koncentracj\u0119. Nauczy\u0142y si\u0119 tak\u017ce wi\u0105za\u0107 supe\u0142ki, w czym pom\u00f3g\u0142 wiersz Tuwima \u201eS\u0142o\u0144 Tr\u0105balski\u201d. To zdecydowanie lepsza opcja od zalecenia brzmi\u0105cego: \u201eCo dzie\u0144 na g\u0142ow\u0119 wody kube\u0142ek\u201d!\u00a0\u00a0\u00a0\u00a0\u00a0\u00a0\u00a0\u00a0\u00a0\u00a0\u00a0\u00a0\u00a0\u00a0\u00a0\u00a0\u00a0\u00a0\u00a0\u00a0\u00a0\u00a0\u00a0\u00a0\u00a0\u00a0\u00a0\u00a0\u00a0\u00a0\u00a0\u00a0\u00a0\u00a0\u00a0\u00a0\u00a0\u00a0\u00a0\u00a0\u00a0\u00a0\u00a0\u00a0\u00a0\u00a0\u00a0\u00a0\u00a0\u00a0\u00a0\u00a0\u00a0\u00a0\u00a0\u00a0\u00a0\u00a0\u00a0\u00a0\u00a0\u00a0\u00a0\u00a0\u00a0\u00a0\u00a0\u00a0\u00a0\u00a0\u00a0\u00a0\u00a0\u00a0\u00a0\u00a0\u00a0\u00a0\u00a0\u00a0\u00a0\u00a0\u00a0\u00a0\u00a0\u00a0\u00a0\u00a0\u00a0\u00a0\u00a0 \u00a0\u00a0\u00a0\u00a0\u00a0\u00a0\u00a0 \u00a0 \u00a0 \u00a0 \u00a0 \u00a0\u00a0\u00a0\u00a0\u00a0\u00a0\u00a0\u00a0\u00a0\u00a0\u00a0 \u00a0 \u00a0 \u00a0 \u00a0\u00a0\u00a0\u00a0\u00a0\u00a0\u00a0\u00a0\u00a0\u00a0\u00a0\u00a0\u00a0\u00a0\u00a0\u00a0\u00a0\u00a0\u00a0\u00a0\u00a0\u00a0\u00a0\u00a0\u00a0\u00a0\u00a0\u00a0\u00a0\u00a0\u00a0\u00a0\u00a0\u00a0\u00a0\u00a0\u00a0\u00a0\u00a0\u00a0\u00a0\u00a0\u00a0\u00a0\u00a0\u00a0 Autorka \u201eNiezapominajki\u201d zach\u0119ca do refleksji nad up\u0142ywaj\u0105cym czasem i sk\u0142ania do rozm\u00f3w o\u00a0 rolach babci czy dziadka w rodzinie. Ich postacie to wa\u017cny element w \u017cyciu wnuk\u00f3w.<\/p>\n<p><em> \u201eNiezapominajka\u201d m\u00f3wi pi\u0119knymi s\u0142owami i obrazami o rzeczach, kt\u00f3re dziej\u0105 si\u0119 wok\u00f3\u0142 nas. M\u00f3wi o blisko\u015bci mi\u0119dzy kochaj\u0105c\u0105 si\u0119 babci\u0105 i wnuczk\u0105 i o tym, \u017ce czasami choroba zmienia zachowania naszych bliskich, ale nie zmienia \u0142\u0105cz\u0105cych nas wi\u0119zi i uczu\u0107. Ca\u0142a energia p\u0142yn\u0105ca z ksi\u0105\u017cki nakierowana jest w\u0142a\u015bnie na wi\u0119\u017a i na bycie w zwi\u0105zku z osob\u0105, a nie na chorob\u0119, jak\u0105 jest Alzheimer \u2013 <\/em>pisze o ksi\u0105\u017cce Anna Bany, arteterapeutka w Fundacji Serdecznik.<\/p>\n<div id='gallery-1' class='gallery galleryid-9904 gallery-columns-3 gallery-size-thumbnail'><figure class='gallery-item'>\n\t\t\t<div class='gallery-icon landscape'>\n\t\t\t\t<a href='https:\/\/bibliotekamoscisko.pl\/?attachment_id=9905'><img decoding=\"async\" width=\"150\" height=\"150\" src=\"https:\/\/bibliotekamoscisko.pl\/wp-content\/uploads\/2020\/01\/83021704_702077686865534_4884494532818763776_n-150x150.jpg\" class=\"attachment-thumbnail size-thumbnail\" alt=\"\" srcset=\"https:\/\/bibliotekamoscisko.pl\/wp-content\/uploads\/2020\/01\/83021704_702077686865534_4884494532818763776_n-150x150.jpg 150w, https:\/\/bibliotekamoscisko.pl\/wp-content\/uploads\/2020\/01\/83021704_702077686865534_4884494532818763776_n-1x1.jpg 1w\" sizes=\"(max-width: 150px) 100vw, 150px\" \/><\/a>\n\t\t\t<\/div><\/figure><figure class='gallery-item'>\n\t\t\t<div class='gallery-icon portrait'>\n\t\t\t\t<a href='https:\/\/bibliotekamoscisko.pl\/?attachment_id=9906'><img decoding=\"async\" width=\"150\" height=\"150\" src=\"https:\/\/bibliotekamoscisko.pl\/wp-content\/uploads\/2020\/01\/83038703_202516717459862_4071218097086791680_n-150x150.jpg\" class=\"attachment-thumbnail size-thumbnail\" alt=\"\" srcset=\"https:\/\/bibliotekamoscisko.pl\/wp-content\/uploads\/2020\/01\/83038703_202516717459862_4071218097086791680_n-150x150.jpg 150w, https:\/\/bibliotekamoscisko.pl\/wp-content\/uploads\/2020\/01\/83038703_202516717459862_4071218097086791680_n-1x1.jpg 1w\" sizes=\"(max-width: 150px) 100vw, 150px\" \/><\/a>\n\t\t\t<\/div><\/figure><figure class='gallery-item'>\n\t\t\t<div class='gallery-icon portrait'>\n\t\t\t\t<a href='https:\/\/bibliotekamoscisko.pl\/?attachment_id=9907'><img decoding=\"async\" width=\"150\" height=\"150\" src=\"https:\/\/bibliotekamoscisko.pl\/wp-content\/uploads\/2020\/01\/83466317_702077640198872_5212436545956478976_n-150x150.jpg\" class=\"attachment-thumbnail size-thumbnail\" alt=\"\" srcset=\"https:\/\/bibliotekamoscisko.pl\/wp-content\/uploads\/2020\/01\/83466317_702077640198872_5212436545956478976_n-150x150.jpg 150w, https:\/\/bibliotekamoscisko.pl\/wp-content\/uploads\/2020\/01\/83466317_702077640198872_5212436545956478976_n-1x1.jpg 1w\" sizes=\"(max-width: 150px) 100vw, 150px\" \/><\/a>\n\t\t\t<\/div><\/figure>\n\t\t<\/div>\n\n<p>Spotkanie w ramach Dyskusyjnego Klubu Ksi\u0105\u017cki by\u0142o tak\u017ce okazj\u0105 do przypominania sobie szczeg\u00f3\u0142\u00f3w zabaw z dziadkami. Na ka\u017cdej twarzy zago\u015bci\u0142 u\u015bmiech. Mamy nadziej\u0119, ze widok wnuk\u00f3w r\u00f3wnie\u017c poprawia humor ka\u017cdej babci i dziadkowi.<\/p>\n<p>Danuta Wi\u015bniewska<\/p>\n<p>DKK Mo\u015bcisko<\/p>\n","protected":false},"excerpt":{"rendered":"<p>Tu\u017c przed Dniem Babci, 20 stycznia, zajrzeli\u015bmy do ksi\u0105\u017cki \u201eNiezapominajka\u201d Agnieszki \u015awi\u0119tek. To pozycja, kt\u00f3ra pozwala spojrze\u0107 na babci\u0119 i dziadka z nieco innej perspektywy i porz\u0105dkuje nasze uczucia, gdy [&hellip;]<\/p>\n","protected":false},"author":1,"featured_media":0,"comment_status":"closed","ping_status":"open","sticky":false,"template":"","format":"standard","meta":{"ngg_post_thumbnail":0,"footnotes":""},"categories":[1],"tags":[],"class_list":["post-9904","post","type-post","status-publish","format-standard","hentry","category-uncategorized"],"_links":{"self":[{"href":"https:\/\/bibliotekamoscisko.pl\/index.php?rest_route=\/wp\/v2\/posts\/9904","targetHints":{"allow":["GET"]}}],"collection":[{"href":"https:\/\/bibliotekamoscisko.pl\/index.php?rest_route=\/wp\/v2\/posts"}],"about":[{"href":"https:\/\/bibliotekamoscisko.pl\/index.php?rest_route=\/wp\/v2\/types\/post"}],"author":[{"embeddable":true,"href":"https:\/\/bibliotekamoscisko.pl\/index.php?rest_route=\/wp\/v2\/users\/1"}],"replies":[{"embeddable":true,"href":"https:\/\/bibliotekamoscisko.pl\/index.php?rest_route=%2Fwp%2Fv2%2Fcomments&post=9904"}],"version-history":[{"count":5,"href":"https:\/\/bibliotekamoscisko.pl\/index.php?rest_route=\/wp\/v2\/posts\/9904\/revisions"}],"predecessor-version":[{"id":9912,"href":"https:\/\/bibliotekamoscisko.pl\/index.php?rest_route=\/wp\/v2\/posts\/9904\/revisions\/9912"}],"wp:attachment":[{"href":"https:\/\/bibliotekamoscisko.pl\/index.php?rest_route=%2Fwp%2Fv2%2Fmedia&parent=9904"}],"wp:term":[{"taxonomy":"category","embeddable":true,"href":"https:\/\/bibliotekamoscisko.pl\/index.php?rest_route=%2Fwp%2Fv2%2Fcategories&post=9904"},{"taxonomy":"post_tag","embeddable":true,"href":"https:\/\/bibliotekamoscisko.pl\/index.php?rest_route=%2Fwp%2Fv2%2Ftags&post=9904"}],"curies":[{"name":"wp","href":"https:\/\/api.w.org\/{rel}","templated":true}]}}