{"id":9934,"date":"2020-01-27T11:36:41","date_gmt":"2020-01-27T11:36:41","guid":{"rendered":"http:\/\/bibliotekamoscisko.pl\/?p=9934"},"modified":"2020-01-27T13:25:42","modified_gmt":"2020-01-27T13:25:42","slug":"styczen-z-biblioteka-w-owiesnie","status":"publish","type":"post","link":"https:\/\/bibliotekamoscisko.pl\/?p=9934","title":{"rendered":"Stycze\u0144 z bibliotek\u0105 w Owie\u015bnie"},"content":{"rendered":"<p>Stycze\u0144\u00a0 w Owie\u015bnie to wci\u0105\u017c okres \u015bwi\u0105teczny. A dzieje si\u0119 tak dzi\u0119ki spotkaniom organizowanym przez so\u0142ectwo przy koordynacji biblioteki.<\/p>\n<p>Pierwsze spotkanie mia\u0142o miejsce 11 stycznia 2020 roku na sali wiejskiej , gdzie spotkali si\u0119 najmniejsi mieszka\u0144cy podczas Zabawy Choinkowej.\u00a0 Na dzieci czeka\u0142o mn\u00f3stwo atrakcji, od wsp\u00f3lnej zabawy prowadzonej przez grup\u0119 animacyjn\u0105 Miki Wiki poprzez ta\u0144ce, pocz\u0119stunek a\u017c po przybycie \u015aw. Miko\u0142aja w towarzystwie Olafa z pe\u0142nym workiem prezent\u00f3w. Tego wieczoru na buziach dzieci nie zabrak\u0142o u\u015bmiechu.<\/p>\n<p>Kolejne spotkanie to coroczny \u201eDzie\u0144 Seniora\u201d organizowany ju\u017c od kilkunastu lat. Mia\u0142 miejsce 19 stycznia 2020 roku r\u00f3wnie\u017c na sali wiejskiej. W tym dniu opr\u00f3cz zaproszonych senior\u00f3w odwiedzi\u0142 nas w\u00f3jt Gminy Dzier\u017coni\u00f3w Marek Chmielewski, dyrektor Biblioteki Publicznej Gminy Dzier\u017coni\u00f3w im. W\u0142. Reymonta Justyna Kaczorowska oraz proboszcz Janusz Rempalski. Uroczysto\u015b\u0107 rozpocz\u0119\u0142a si\u0119 od przywitania i z\u0142o\u017cenia \u017cycze\u0144 wszystkim przyby\u0142ym seniorom. Dalej w cz\u0119\u015bci artystycznej wyst\u0105pi\u0142y dzieci\u00a0 w \u00a0Jase\u0142kach przygotowanych przez bibliotek\u0119 przy wsp\u00f3\u0142pracy katechetki Pani Eweliny Synd\u0142ak. Po wyst\u0119pie dzieci Julia Kurczy\u0144ska z Siemianowic \u015al\u0105skich, przebywaj\u0105ca w naszej miejscowo\u015bci na feriach zagra\u0142a dla wszystkich na skrzypcach . W jej\u00a0 wykonaniu\u00a0 us\u0142yszeli\u015bmy dwie kol\u0119dy. By\u0142a to niesamowita niespodzianka dla nas wszystkich.\u00a0\u00a0\u00a0\u00a0\u00a0\u00a0\u00a0\u00a0\u00a0\u00a0 \u00a0\u00a0\u00a0\u00a0\u00a0\u00a0\u00a0\u00a0\u00a0\u00a0\u00a0\u00a0\u00a0\u00a0\u00a0\u00a0\u00a0\u00a0\u00a0\u00a0\u00a0\u00a0\u00a0\u00a0\u00a0\u00a0\u00a0\u00a0\u00a0\u00a0\u00a0\u00a0\u00a0\u00a0\u00a0\u00a0\u00a0 Kolejnym wa\u017cnym elementem spotkania by\u0142o wr\u0119czenie dyplom\u00f3w i upomink\u00f3w dla zas\u0142u\u017conych czytelnik\u00f3w- senior\u00f3w wraz z gratulacjami od pana w\u00f3jta Marka \u00a0Chmielewskiego , pani\u00a0 Dyrektor\u00a0 Biblioteki Justyny \u00a0Kaczorowskiej i pani bibliotekarki Joanny Pestkowskiej.\u00a0\u00a0\u00a0\u00a0\u00a0\u00a0\u00a0\u00a0\u00a0\u00a0\u00a0\u00a0\u00a0\u00a0\u00a0\u00a0\u00a0\u00a0\u00a0\u00a0\u00a0\u00a0\u00a0\u00a0\u00a0\u00a0\u00a0\u00a0\u00a0\u00a0\u00a0\u00a0\u00a0\u00a0\u00a0\u00a0\u00a0\u00a0\u00a0\u00a0\u00a0\u00a0\u00a0\u00a0\u00a0\u00a0\u00a0\u00a0\u00a0\u00a0\u00a0\u00a0\u00a0\u00a0\u00a0\u00a0\u00a0\u00a0\u00a0\u00a0\u00a0\u00a0\u00a0\u00a0\u00a0\u00a0 \u00a0 \u00a0 \u00a0 \u00a0 \u00a0 \u00a0 \u00a0 \u00a0 \u00a0 \u00a0\u00a0\u00a0\u00a0\u00a0\u00a0\u00a0\u00a0\u00a0\u00a0\u00a0\u00a0 Mieli\u015bmy r\u00f3wnie\u017c zaszczyt go\u015bci\u0107 tego dnia ma\u0142\u017ce\u0144stwo Wand\u0119 i Henryka Pozna\u0144skich, kt\u00f3rzy w tym roku b\u0119d\u0105 obchodzi\u0107 50 lecie zawarcia aktu ma\u0142\u017ce\u0144stwa. Otrzymali od nas kosz kwiat\u00f3w oraz mn\u00f3stwo \u017cycze\u0144 od wszystkich obecnych. By\u0142o wsp\u00f3lne zdj\u0119cie, s\u0142odki pocz\u0119stunek oraz ta\u0144ce przy muzyce granej przez zesp\u00f3\u0142 \u201eNowaki\u201d \u00a0 \u00a0 \u00a0 \u00a0 \u00a0 \u00a0 \u00a0\u00a0 z Ostroszowic.<\/p>\n<div id='gallery-1' class='gallery galleryid-9934 gallery-columns-3 gallery-size-thumbnail'><figure class='gallery-item'>\n\t\t\t<div class='gallery-icon landscape'>\n\t\t\t\t<a href='https:\/\/bibliotekamoscisko.pl\/?attachment_id=9935'><img decoding=\"async\" width=\"150\" height=\"150\" src=\"https:\/\/bibliotekamoscisko.pl\/wp-content\/uploads\/2020\/01\/IMG-20200103-WA0008-150x150.jpg\" class=\"attachment-thumbnail size-thumbnail\" alt=\"\" srcset=\"https:\/\/bibliotekamoscisko.pl\/wp-content\/uploads\/2020\/01\/IMG-20200103-WA0008-150x150.jpg 150w, https:\/\/bibliotekamoscisko.pl\/wp-content\/uploads\/2020\/01\/IMG-20200103-WA0008-2x1.jpg 2w\" sizes=\"(max-width: 150px) 100vw, 150px\" \/><\/a>\n\t\t\t<\/div><\/figure><figure class='gallery-item'>\n\t\t\t<div class='gallery-icon landscape'>\n\t\t\t\t<a href='https:\/\/bibliotekamoscisko.pl\/?attachment_id=9936'><img decoding=\"async\" width=\"150\" height=\"150\" src=\"https:\/\/bibliotekamoscisko.pl\/wp-content\/uploads\/2020\/01\/IMG-20200103-WA0009-150x150.jpg\" class=\"attachment-thumbnail size-thumbnail\" alt=\"\" srcset=\"https:\/\/bibliotekamoscisko.pl\/wp-content\/uploads\/2020\/01\/IMG-20200103-WA0009-150x150.jpg 150w, https:\/\/bibliotekamoscisko.pl\/wp-content\/uploads\/2020\/01\/IMG-20200103-WA0009-2x1.jpg 2w\" sizes=\"(max-width: 150px) 100vw, 150px\" \/><\/a>\n\t\t\t<\/div><\/figure><figure class='gallery-item'>\n\t\t\t<div class='gallery-icon landscape'>\n\t\t\t\t<a href='https:\/\/bibliotekamoscisko.pl\/?attachment_id=9937'><img decoding=\"async\" width=\"150\" height=\"150\" src=\"https:\/\/bibliotekamoscisko.pl\/wp-content\/uploads\/2020\/01\/IMG-20200112-WA0002-150x150.jpg\" class=\"attachment-thumbnail size-thumbnail\" alt=\"\" srcset=\"https:\/\/bibliotekamoscisko.pl\/wp-content\/uploads\/2020\/01\/IMG-20200112-WA0002-150x150.jpg 150w, https:\/\/bibliotekamoscisko.pl\/wp-content\/uploads\/2020\/01\/IMG-20200112-WA0002-1x1.jpg 1w\" sizes=\"(max-width: 150px) 100vw, 150px\" \/><\/a>\n\t\t\t<\/div><\/figure><figure class='gallery-item'>\n\t\t\t<div class='gallery-icon landscape'>\n\t\t\t\t<a href='https:\/\/bibliotekamoscisko.pl\/?attachment_id=9938'><img loading=\"lazy\" decoding=\"async\" width=\"150\" height=\"150\" src=\"https:\/\/bibliotekamoscisko.pl\/wp-content\/uploads\/2020\/01\/IMG-20200112-WA0004-150x150.jpg\" class=\"attachment-thumbnail size-thumbnail\" alt=\"\" srcset=\"https:\/\/bibliotekamoscisko.pl\/wp-content\/uploads\/2020\/01\/IMG-20200112-WA0004-150x150.jpg 150w, https:\/\/bibliotekamoscisko.pl\/wp-content\/uploads\/2020\/01\/IMG-20200112-WA0004-1x1.jpg 1w\" sizes=\"(max-width: 150px) 100vw, 150px\" \/><\/a>\n\t\t\t<\/div><\/figure><figure class='gallery-item'>\n\t\t\t<div class='gallery-icon landscape'>\n\t\t\t\t<a href='https:\/\/bibliotekamoscisko.pl\/?attachment_id=9939'><img loading=\"lazy\" decoding=\"async\" width=\"150\" height=\"150\" src=\"https:\/\/bibliotekamoscisko.pl\/wp-content\/uploads\/2020\/01\/IMG-20200112-WA0020-150x150.jpg\" class=\"attachment-thumbnail size-thumbnail\" alt=\"\" srcset=\"https:\/\/bibliotekamoscisko.pl\/wp-content\/uploads\/2020\/01\/IMG-20200112-WA0020-150x150.jpg 150w, https:\/\/bibliotekamoscisko.pl\/wp-content\/uploads\/2020\/01\/IMG-20200112-WA0020-1x1.jpg 1w\" sizes=\"(max-width: 150px) 100vw, 150px\" \/><\/a>\n\t\t\t<\/div><\/figure><figure class='gallery-item'>\n\t\t\t<div class='gallery-icon landscape'>\n\t\t\t\t<a href='https:\/\/bibliotekamoscisko.pl\/?attachment_id=9940'><img loading=\"lazy\" decoding=\"async\" width=\"150\" height=\"150\" src=\"https:\/\/bibliotekamoscisko.pl\/wp-content\/uploads\/2020\/01\/IMG-20200121-WA0007-150x150.jpg\" class=\"attachment-thumbnail size-thumbnail\" alt=\"\" srcset=\"https:\/\/bibliotekamoscisko.pl\/wp-content\/uploads\/2020\/01\/IMG-20200121-WA0007-150x150.jpg 150w, https:\/\/bibliotekamoscisko.pl\/wp-content\/uploads\/2020\/01\/IMG-20200121-WA0007-1x1.jpg 1w\" sizes=\"(max-width: 150px) 100vw, 150px\" \/><\/a>\n\t\t\t<\/div><\/figure><figure class='gallery-item'>\n\t\t\t<div class='gallery-icon landscape'>\n\t\t\t\t<a href='https:\/\/bibliotekamoscisko.pl\/?attachment_id=9941'><img loading=\"lazy\" decoding=\"async\" width=\"150\" height=\"150\" src=\"https:\/\/bibliotekamoscisko.pl\/wp-content\/uploads\/2020\/01\/IMG-20200121-WA0010-150x150.jpg\" class=\"attachment-thumbnail size-thumbnail\" alt=\"\" srcset=\"https:\/\/bibliotekamoscisko.pl\/wp-content\/uploads\/2020\/01\/IMG-20200121-WA0010-150x150.jpg 150w, https:\/\/bibliotekamoscisko.pl\/wp-content\/uploads\/2020\/01\/IMG-20200121-WA0010-2x1.jpg 2w\" sizes=\"(max-width: 150px) 100vw, 150px\" \/><\/a>\n\t\t\t<\/div><\/figure><figure class='gallery-item'>\n\t\t\t<div class='gallery-icon landscape'>\n\t\t\t\t<a href='https:\/\/bibliotekamoscisko.pl\/?attachment_id=9942'><img loading=\"lazy\" decoding=\"async\" width=\"150\" height=\"150\" src=\"https:\/\/bibliotekamoscisko.pl\/wp-content\/uploads\/2020\/01\/IMG-20200122-WA0004-150x150.jpg\" class=\"attachment-thumbnail size-thumbnail\" alt=\"\" srcset=\"https:\/\/bibliotekamoscisko.pl\/wp-content\/uploads\/2020\/01\/IMG-20200122-WA0004-150x150.jpg 150w, https:\/\/bibliotekamoscisko.pl\/wp-content\/uploads\/2020\/01\/IMG-20200122-WA0004-2x1.jpg 2w\" sizes=\"(max-width: 150px) 100vw, 150px\" \/><\/a>\n\t\t\t<\/div><\/figure>\n\t\t<\/div>\n\n<p>Biblioteka w Owie\u015bnie dzi\u0119kuje rodzicom przy realizacji Jase\u0142ek, a tak\u017ce\u00a0 Pani Ewelinie Synd\u0142ak, Monice Paw\u0142owskiej, Dorocie Kroban, oraz wsp\u00f3\u0142organizatorom w\/w uroczysto\u015bci, Radzie So\u0142eckiej, KGW Owiesno \u00a0 \u00a0\u00a0\u00a0\u00a0\u00a0 \u00a0 \u00a0 i Stowarzyszeniu\u00a0 \u201eRazem dla wsi\u201d.<\/p>\n<p>J.P.<\/p>\n","protected":false},"excerpt":{"rendered":"<p>Stycze\u0144\u00a0 w Owie\u015bnie to wci\u0105\u017c okres \u015bwi\u0105teczny. A dzieje si\u0119 tak dzi\u0119ki spotkaniom organizowanym przez so\u0142ectwo przy koordynacji biblioteki. Pierwsze spotkanie mia\u0142o miejsce 11 stycznia 2020 roku na sali wiejskiej [&hellip;]<\/p>\n","protected":false},"author":1,"featured_media":0,"comment_status":"closed","ping_status":"open","sticky":false,"template":"","format":"standard","meta":{"ngg_post_thumbnail":0,"footnotes":""},"categories":[1],"tags":[],"class_list":["post-9934","post","type-post","status-publish","format-standard","hentry","category-uncategorized"],"_links":{"self":[{"href":"https:\/\/bibliotekamoscisko.pl\/index.php?rest_route=\/wp\/v2\/posts\/9934","targetHints":{"allow":["GET"]}}],"collection":[{"href":"https:\/\/bibliotekamoscisko.pl\/index.php?rest_route=\/wp\/v2\/posts"}],"about":[{"href":"https:\/\/bibliotekamoscisko.pl\/index.php?rest_route=\/wp\/v2\/types\/post"}],"author":[{"embeddable":true,"href":"https:\/\/bibliotekamoscisko.pl\/index.php?rest_route=\/wp\/v2\/users\/1"}],"replies":[{"embeddable":true,"href":"https:\/\/bibliotekamoscisko.pl\/index.php?rest_route=%2Fwp%2Fv2%2Fcomments&post=9934"}],"version-history":[{"count":18,"href":"https:\/\/bibliotekamoscisko.pl\/index.php?rest_route=\/wp\/v2\/posts\/9934\/revisions"}],"predecessor-version":[{"id":10009,"href":"https:\/\/bibliotekamoscisko.pl\/index.php?rest_route=\/wp\/v2\/posts\/9934\/revisions\/10009"}],"wp:attachment":[{"href":"https:\/\/bibliotekamoscisko.pl\/index.php?rest_route=%2Fwp%2Fv2%2Fmedia&parent=9934"}],"wp:term":[{"taxonomy":"category","embeddable":true,"href":"https:\/\/bibliotekamoscisko.pl\/index.php?rest_route=%2Fwp%2Fv2%2Fcategories&post=9934"},{"taxonomy":"post_tag","embeddable":true,"href":"https:\/\/bibliotekamoscisko.pl\/index.php?rest_route=%2Fwp%2Fv2%2Ftags&post=9934"}],"curies":[{"name":"wp","href":"https:\/\/api.w.org\/{rel}","templated":true}]}}