{"id":995,"date":"2014-10-30T10:37:42","date_gmt":"2014-10-30T10:37:42","guid":{"rendered":"http:\/\/bibliotekamoscisko.pl\/?p=995"},"modified":"2014-10-30T10:37:42","modified_gmt":"2014-10-30T10:37:42","slug":"pierwsza-wizyta-przedszkolakow","status":"publish","type":"post","link":"https:\/\/bibliotekamoscisko.pl\/?p=995","title":{"rendered":"Pierwsza wizyta przedszkolak\u00f3w"},"content":{"rendered":"<p>Najm\u0142odsza grupa przedszkolak\u00f3w z Zespo\u0142u Szkolno-Przedszkolnego w Mo\u015bcisku odwiedzi\u0142a 30 pa\u017adziernika \u00a0po raz pierwszy Bibliotek\u0119 w Mo\u015bcisku. Pod opiek\u0105 swojej wychowawczyni Marty Siekierki przyw\u0119drowa\u0142y do czytelni z zapa\u0142em i rado\u015bci\u0105, pomimo sporej odleg\u0142o\u015bci. Jesienny \u00a0spacer sta\u0142 si\u0119 r\u00f3wnie\u017c pretekstem do rozm\u00f3w o zwierz\u0119tach. Dzieci mog\u0142y zajrze\u0107 do przeznaczonych dla nich ksi\u0105\u017cek i czasopism. Obejrza\u0142y r\u00f3wnie\u017c kr\u00f3tk\u0105 prezentacj\u0119 multimedialn\u0105 dotycz\u0105c\u0105 le\u015bnych zwierz\u0105t. Bardzo spodoba\u0142a si\u0119 im sala przeznaczona dla najm\u0142odszych czytelnik\u00f3w. Kolorowe klocki r\u00f3wnie\u017c wzbudzi\u0142y entuzjazm i pobudzi\u0142y do kreatywnego sp\u0119dzenia czasu na stworzonych przez siebie pojazdach i w wybudowanym zamku.<\/p>\n<div id='gallery-1' class='gallery galleryid-995 gallery-columns-3 gallery-size-thumbnail'><figure class='gallery-item'>\n\t\t\t<div class='gallery-icon landscape'>\n\t\t\t\t<a href='https:\/\/bibliotekamoscisko.pl\/?attachment_id=1001'><img decoding=\"async\" width=\"150\" height=\"150\" src=\"https:\/\/bibliotekamoscisko.pl\/wp-content\/uploads\/2014\/10\/DSCN3170-150x150.jpeg\" class=\"attachment-thumbnail size-thumbnail\" alt=\"\" \/><\/a>\n\t\t\t<\/div><\/figure><figure class='gallery-item'>\n\t\t\t<div class='gallery-icon landscape'>\n\t\t\t\t<a href='https:\/\/bibliotekamoscisko.pl\/?attachment_id=998'><img decoding=\"async\" width=\"150\" height=\"150\" src=\"https:\/\/bibliotekamoscisko.pl\/wp-content\/uploads\/2014\/10\/DSCN3162-150x150.jpeg\" class=\"attachment-thumbnail size-thumbnail\" alt=\"\" \/><\/a>\n\t\t\t<\/div><\/figure>\n\t\t<\/div>\n\n<p>&nbsp;<\/p>\n<p>Mamy nadzieje, \u017ce pierwsza wizyta adaptacyjna zach\u0119ci\u0142a najm\u0142odszych do kolejnych wizyt. Zapraszamy do nas wraz z Rodzicami!<\/p>\n<p>D.W.<\/p>\n","protected":false},"excerpt":{"rendered":"<p>Najm\u0142odsza grupa przedszkolak\u00f3w z Zespo\u0142u Szkolno-Przedszkolnego w Mo\u015bcisku odwiedzi\u0142a 30 pa\u017adziernika \u00a0po raz pierwszy Bibliotek\u0119 w Mo\u015bcisku. Pod opiek\u0105 swojej wychowawczyni Marty Siekierki przyw\u0119drowa\u0142y do czytelni z zapa\u0142em i rado\u015bci\u0105, [&hellip;]<\/p>\n","protected":false},"author":1,"featured_media":998,"comment_status":"closed","ping_status":"open","sticky":false,"template":"","format":"standard","meta":{"ngg_post_thumbnail":0,"footnotes":""},"categories":[1],"tags":[],"class_list":["post-995","post","type-post","status-publish","format-standard","has-post-thumbnail","hentry","category-uncategorized"],"_links":{"self":[{"href":"https:\/\/bibliotekamoscisko.pl\/index.php?rest_route=\/wp\/v2\/posts\/995","targetHints":{"allow":["GET"]}}],"collection":[{"href":"https:\/\/bibliotekamoscisko.pl\/index.php?rest_route=\/wp\/v2\/posts"}],"about":[{"href":"https:\/\/bibliotekamoscisko.pl\/index.php?rest_route=\/wp\/v2\/types\/post"}],"author":[{"embeddable":true,"href":"https:\/\/bibliotekamoscisko.pl\/index.php?rest_route=\/wp\/v2\/users\/1"}],"replies":[{"embeddable":true,"href":"https:\/\/bibliotekamoscisko.pl\/index.php?rest_route=%2Fwp%2Fv2%2Fcomments&post=995"}],"version-history":[{"count":1,"href":"https:\/\/bibliotekamoscisko.pl\/index.php?rest_route=\/wp\/v2\/posts\/995\/revisions"}],"predecessor-version":[{"id":1002,"href":"https:\/\/bibliotekamoscisko.pl\/index.php?rest_route=\/wp\/v2\/posts\/995\/revisions\/1002"}],"wp:featuredmedia":[{"embeddable":true,"href":"https:\/\/bibliotekamoscisko.pl\/index.php?rest_route=\/wp\/v2\/media\/998"}],"wp:attachment":[{"href":"https:\/\/bibliotekamoscisko.pl\/index.php?rest_route=%2Fwp%2Fv2%2Fmedia&parent=995"}],"wp:term":[{"taxonomy":"category","embeddable":true,"href":"https:\/\/bibliotekamoscisko.pl\/index.php?rest_route=%2Fwp%2Fv2%2Fcategories&post=995"},{"taxonomy":"post_tag","embeddable":true,"href":"https:\/\/bibliotekamoscisko.pl\/index.php?rest_route=%2Fwp%2Fv2%2Ftags&post=995"}],"curies":[{"name":"wp","href":"https:\/\/api.w.org\/{rel}","templated":true}]}}